{"id":108,"date":"2007-06-20T12:53:55","date_gmt":"2007-06-20T11:53:55","guid":{"rendered":"http:\/\/www.cdlpv.org\/dtl\/?p=108"},"modified":"2007-06-20T12:53:55","modified_gmt":"2007-06-20T11:53:55","slug":"llengues-de-signes-equiparades","status":"publish","type":"post","link":"https:\/\/www.cdlpv.org\/dtl\/2007\/06\/20\/llengues-de-signes-equiparades\/","title":{"rendered":"Lleng\u00fces de signes equiparades"},"content":{"rendered":"<p>Pel que sembla el llenguatge de signes t\u00e9 uns precedents il\u00b7lustres a Val\u00e8ncia (per exemple, en <a href=\"http:\/\/www.grec.cat\/cgibin\/heccl2.pgm?NDCHEC=0007523\" target=\"_blank\">Faust\u00ed Barber\u00e0 i Mart\u00ed<\/a>), on es cre\u00e0 &mdash;segons informa la <a href=\"http:\/\/ca.wikipedia.org\/wiki\/Llengua_de_signes\" target=\"_blank\"><em>Viquip\u00e8dia<\/em><\/a>&mdash; en 1843 la primera escola per a persones sordes. De fet, la llengua de signes valenciana (LSV) \u00e9s &mdash;ara s\u00ed!&mdash; l&#8217;origen de la llengua de signes catalana.<\/p>\n<p>I ara, per sort, sembla que podrem equiparar els drets ling\u00fc\u00edstics de les persones sordes de l&#8217;estat, segons la informaci\u00f3 que podem llegir en <em>El Pa\u00eds<\/em> (dc. 20.06.2007):<\/p>\n<blockquote>\n<h2>El Congr\u00e9s equipara la llengua de signes catalana a l&#8217;espanyola<\/h2>\n<h5>I. de la F., Madrid<\/h5>\n<p>La Comissi\u00f3 de Treball i Assumptes Socials del Congr\u00e9s va aprovar ahir el projecte de llei de les Lleng\u00fces de Signes espanyola i catalana, cosa que garantir\u00e0 a les persones sordes \u00abcomunicar-se entre elles i amb el seu entorn\u00bb, en paraules de la diputada del <span class=\"versaleta\">psc<\/span> Esperanza Esteve. El projecte de llei, que ser\u00e0 ratificat pel Ple del Congr\u00e9s la pr\u00f2xima setmana, incorpora dos eixos d&#8217;actuaci\u00f3: d&#8217;una banda, garantix el dret de les persones sordes i amb discapacitat auditiva (vora dos milions d&#8217;espanyols, 100.000 amb sordera profunda i un miler sordcegos) a una educaci\u00f3 biling\u00fce: podran aprendre i comunicar-se a tots els efectes tant amb la llengua de signes com amb la llengua oral oficial. Dependr\u00e0 de la seua elecci\u00f3, o de la dels seus pares si s\u00f3n menors.<\/p>\n<p>Al mateix temps, la llengua de signes catalana adquirix el mateix estatus que l&#8217;espanyola. De fet, el projecte de llei inicial ha abandonat el singular i es denomina Lleng\u00fces espanyoles de signes. Es deixa oberta aix\u00ed la possibilitat que es reconeguen lleng\u00fces de signes a Euskadi o Gal\u00edcia.<\/p>\n<p>Arran d&#8217;esta norma les persones sordes disposaran de serveis d&#8217;int\u00e8rprets en els \u00e0mbits educatius i sanitaris, aix\u00ed com en els mitjans de comunicaci\u00f3 social i l&#8217;administraci\u00f3 judicial i penitenci\u00e0ria. El lleure i l&#8217;esbargiment tamb\u00e9 seran conquestes accessibles per al col\u00b7lectiu.<\/p>\n<\/blockquote>\n","protected":false},"excerpt":{"rendered":"<p>Pel que sembla el llenguatge de signes t\u00e9 uns precedents il\u00b7lustres a Val\u00e8ncia (per exemple, en Faust\u00ed Barber\u00e0 i Mart\u00ed), on es cre\u00e0 &mdash;segons informa la Viquip\u00e8dia&mdash; en 1843 la primera escola per a persones sordes. De fet, la llengua de signes valenciana (LSV) \u00e9s &mdash;ara s\u00ed!&mdash; l&#8217;origen de la llengua de signes catalana. I [&hellip;]<\/p>\n","protected":false},"author":2,"featured_media":0,"comment_status":"open","ping_status":"open","sticky":false,"template":"","format":"standard","meta":{"footnotes":""},"categories":[2,4,1,47,19,24],"tags":[],"class_list":["post-108","post","type-post","status-publish","format-standard","hentry","category-comunicacio","category-dret","category-general","category-planificacio","category-politica","category-requisit-linguistic"],"_links":{"self":[{"href":"https:\/\/www.cdlpv.org\/dtl\/wp-json\/wp\/v2\/posts\/108","targetHints":{"allow":["GET"]}}],"collection":[{"href":"https:\/\/www.cdlpv.org\/dtl\/wp-json\/wp\/v2\/posts"}],"about":[{"href":"https:\/\/www.cdlpv.org\/dtl\/wp-json\/wp\/v2\/types\/post"}],"author":[{"embeddable":true,"href":"https:\/\/www.cdlpv.org\/dtl\/wp-json\/wp\/v2\/users\/2"}],"replies":[{"embeddable":true,"href":"https:\/\/www.cdlpv.org\/dtl\/wp-json\/wp\/v2\/comments?post=108"}],"version-history":[{"count":0,"href":"https:\/\/www.cdlpv.org\/dtl\/wp-json\/wp\/v2\/posts\/108\/revisions"}],"wp:attachment":[{"href":"https:\/\/www.cdlpv.org\/dtl\/wp-json\/wp\/v2\/media?parent=108"}],"wp:term":[{"taxonomy":"category","embeddable":true,"href":"https:\/\/www.cdlpv.org\/dtl\/wp-json\/wp\/v2\/categories?post=108"},{"taxonomy":"post_tag","embeddable":true,"href":"https:\/\/www.cdlpv.org\/dtl\/wp-json\/wp\/v2\/tags?post=108"}],"curies":[{"name":"wp","href":"https:\/\/api.w.org\/{rel}","templated":true}]}}