{"id":1078,"date":"2009-05-22T13:34:05","date_gmt":"2009-05-22T12:34:05","guid":{"rendered":"http:\/\/www.cdlpv.org\/dtl\/?p=1078"},"modified":"2009-05-22T13:34:05","modified_gmt":"2009-05-22T12:34:05","slug":"el-pp-elimini-el-requisit-linguistic-bilingue-dontinyent","status":"publish","type":"post","link":"https:\/\/www.cdlpv.org\/dtl\/2009\/05\/22\/el-pp-elimini-el-requisit-linguistic-bilingue-dontinyent\/","title":{"rendered":"El PP elimina el requisit ling\u00fc\u00edstic biling\u00fce d&#8217;Ontinyent"},"content":{"rendered":"<p>Vam poder llegir el dia 5 de mar\u00e7 del 2009 en el diari <a href=\"http:\/\/www.pagina26.cat\/portada\/7338.html?joscclean=1&#038;comment_id=116\" target=\"_blank\"><em>P\u00e0gina 26<\/em><\/a> <em>:<\/em><\/p>\n<blockquote>\n<h2>A Ontinyent el valenci\u00e0 deixa de ser un requisit i nom\u00e9s ser\u00e0 un m\u00e8rit<\/h2>\n<p>Ho va confirmar l&#8217;alcaldessa de la localitat en el ple extraordinari que va tindre lloc dimarts: a partir d&#8217;ara, el valenci\u00e0 ja no ser\u00e0 obligatori per accedir a un lloc de treball en l&#8217;administraci\u00f3, sin\u00f3 que nom\u00e9s puntuar\u00e0 a les proves.<\/p>\n[&#8230;]\n<\/p><\/blockquote>\n<p>L&#8217;alcaldessa \u00e9s del <span class=\"versaleta\">pp<\/span>, i eixa actuaci\u00f3 supressiva no \u00e9s una declaraci\u00f3 sin\u00f3 un fet. Com pod\u00edem esperar (<a href=\"http:\/\/www.lasprovincias.es\/valencia\/20090522\/comarcas\/ontinyent-elimina-valenciano-como-20090522.html\" target=\"_blank\"><em>Las Provincias<\/em><\/a>, 22.05.2009):<\/p>\n<blockquote><p>\nEl portaveu del <span class=\"versaleta\">pspv<\/span>, Jorge Rodr\u00edguez, va recordar als populars que el requisit ling\u00fc\u00edstic \u00ab\u00e9s un reglament que va aprovar el govern valenci\u00e0 fa anys i que ara a Ontinyent s&#8217;incomplir\u00e0\u00bb. Va titllar esta mesura de \u00abinvolucionista i reaccion\u00e0ria, pel que no votem a favor d&#8217;un document que pret\u00e9n acabar amb un requisit ling\u00fc\u00edstic\u00bb.\n<\/p><\/blockquote>\n<p>No sabem a quin \u00abgovern valenci\u00e0\u00bb es referix el regidor (o la periodista Roc\u00edo Moreno), per\u00f2 est\u00e0 clar que el <span class=\"versaleta\">pspv<\/span> t\u00e9 algun motiu per a protestar per l&#8217;eliminaci\u00f3 del requisit ling\u00fc\u00edstic biling\u00fce. Al cap i a la fi, Ontinyent era un dels pocs municipis governat pels socialistes on s&#8217;havia adoptat la mesura. Naturalment, a m\u00e9s de protestar i de titllar d&#8217;\u00abinvolucionista i reaccion\u00e0ria\u00bb la mesura de supressi\u00f3, el regidor socialista podria estendre eixe concepte a la resta d&#8217;ajuntaments socialistes que no han promulgat mai eixe requisit ling\u00fc\u00edstic, ja que, encara que siga per inacci\u00f3, es troben en la mateixa situaci\u00f3 \u00abinvolucionista i reaccion\u00e0ria\u00bb.<\/p>\n","protected":false},"excerpt":{"rendered":"<p>Vam poder llegir el dia 5 de mar\u00e7 del 2009 en el diari P\u00e0gina 26 : A Ontinyent el valenci\u00e0 deixa de ser un requisit i nom\u00e9s ser\u00e0 un m\u00e8rit Ho va confirmar l&#8217;alcaldessa de la localitat en el ple extraordinari que va tindre lloc dimarts: a partir d&#8217;ara, el valenci\u00e0 ja no ser\u00e0 obligatori [&hellip;]<\/p>\n","protected":false},"author":2,"featured_media":0,"comment_status":"open","ping_status":"open","sticky":false,"template":"","format":"standard","meta":{"footnotes":""},"categories":[36,1,47,19,24],"tags":[339,376],"class_list":["post-1078","post","type-post","status-publish","format-standard","hentry","category-allofobia","category-general","category-planificacio","category-politica","category-requisit-linguistic","tag-ontinyent","tag-politica-linguistica"],"_links":{"self":[{"href":"https:\/\/www.cdlpv.org\/dtl\/wp-json\/wp\/v2\/posts\/1078","targetHints":{"allow":["GET"]}}],"collection":[{"href":"https:\/\/www.cdlpv.org\/dtl\/wp-json\/wp\/v2\/posts"}],"about":[{"href":"https:\/\/www.cdlpv.org\/dtl\/wp-json\/wp\/v2\/types\/post"}],"author":[{"embeddable":true,"href":"https:\/\/www.cdlpv.org\/dtl\/wp-json\/wp\/v2\/users\/2"}],"replies":[{"embeddable":true,"href":"https:\/\/www.cdlpv.org\/dtl\/wp-json\/wp\/v2\/comments?post=1078"}],"version-history":[{"count":0,"href":"https:\/\/www.cdlpv.org\/dtl\/wp-json\/wp\/v2\/posts\/1078\/revisions"}],"wp:attachment":[{"href":"https:\/\/www.cdlpv.org\/dtl\/wp-json\/wp\/v2\/media?parent=1078"}],"wp:term":[{"taxonomy":"category","embeddable":true,"href":"https:\/\/www.cdlpv.org\/dtl\/wp-json\/wp\/v2\/categories?post=1078"},{"taxonomy":"post_tag","embeddable":true,"href":"https:\/\/www.cdlpv.org\/dtl\/wp-json\/wp\/v2\/tags?post=1078"}],"curies":[{"name":"wp","href":"https:\/\/api.w.org\/{rel}","templated":true}]}}