{"id":1075,"date":"2009-05-21T09:29:15","date_gmt":"2009-05-21T08:29:15","guid":{"rendered":"http:\/\/www.cdlpv.org\/dtl\/?p=1075"},"modified":"2009-05-21T09:29:15","modified_gmt":"2009-05-21T08:29:15","slug":"debat-sobre-el-requisit-linguistic","status":"publish","type":"post","link":"https:\/\/www.cdlpv.org\/dtl\/2009\/05\/21\/debat-sobre-el-requisit-linguistic\/","title":{"rendered":"Debat sobre el requisit ling\u00fc\u00edstic"},"content":{"rendered":"<p>Ferran Isabel ens envia a trav\u00e9s d&#8217;INfoZ\u00e8fir la informaci\u00f3 seg\u00fcent:<\/p>\n<blockquote>\n<h2>Taula rodona: \u00abRequisit ling\u00fc\u00edstic valenci\u00e0: \u00c9s ja l&#8217;hora?\u00bb<\/h2>\n<p>25 anys despr\u00e9s de la Llei d&#8217;\u00fas, som l&#8217;\u00fanic territori amb llengua pr\u00f2pia que no l&#8217;exigeix en les proves de selecci\u00f3 per a l&#8217;administraci\u00f3. Cal incloure&#8217;l ara en la nova llei de la funci\u00f3 p\u00fablica valenciana?<\/p>\n<p>Dimarts, 26 de maig, 19.30 hores<br \/>\nEdifici Octubre (c\/ Sant Ferran, 12, Val\u00e8ncia)<\/p>\n<p>Hi intervenen:<\/p>\n<ul>\n<li>Francesc Calatayud (EUPV)\n<li>M\u00f2nica Oltra (IPV)\n<li>Agust\u00ed Cerd\u00e0 (ERPV)\n<li>Enric Morera (BNV)\n<li> Vicenta Crespo (PSOE)\n<li>Eliseu Climent (ACPV)\n<\/ul>\n<p>Presenta i modera l&#8217;acte: Alfons Esteve<\/p>\n<p>Font: Alfons Esteve (Universitat de Val\u00e8ncia)\n<\/p><\/blockquote>\n","protected":false},"excerpt":{"rendered":"<p>Ferran Isabel ens envia a trav\u00e9s d&#8217;INfoZ\u00e8fir la informaci\u00f3 seg\u00fcent: Taula rodona: \u00abRequisit ling\u00fc\u00edstic valenci\u00e0: \u00c9s ja l&#8217;hora?\u00bb 25 anys despr\u00e9s de la Llei d&#8217;\u00fas, som l&#8217;\u00fanic territori amb llengua pr\u00f2pia que no l&#8217;exigeix en les proves de selecci\u00f3 per a l&#8217;administraci\u00f3. Cal incloure&#8217;l ara en la nova llei de la funci\u00f3 p\u00fablica valenciana? Dimarts, [&hellip;]<\/p>\n","protected":false},"author":2,"featured_media":0,"comment_status":"open","ping_status":"open","sticky":false,"template":"","format":"standard","meta":{"footnotes":""},"categories":[1,19,24,27],"tags":[136],"class_list":["post-1075","post","type-post","status-publish","format-standard","hentry","category-general","category-politica","category-requisit-linguistic","category-sociolinguistica","tag-debats"],"_links":{"self":[{"href":"https:\/\/www.cdlpv.org\/dtl\/wp-json\/wp\/v2\/posts\/1075","targetHints":{"allow":["GET"]}}],"collection":[{"href":"https:\/\/www.cdlpv.org\/dtl\/wp-json\/wp\/v2\/posts"}],"about":[{"href":"https:\/\/www.cdlpv.org\/dtl\/wp-json\/wp\/v2\/types\/post"}],"author":[{"embeddable":true,"href":"https:\/\/www.cdlpv.org\/dtl\/wp-json\/wp\/v2\/users\/2"}],"replies":[{"embeddable":true,"href":"https:\/\/www.cdlpv.org\/dtl\/wp-json\/wp\/v2\/comments?post=1075"}],"version-history":[{"count":0,"href":"https:\/\/www.cdlpv.org\/dtl\/wp-json\/wp\/v2\/posts\/1075\/revisions"}],"wp:attachment":[{"href":"https:\/\/www.cdlpv.org\/dtl\/wp-json\/wp\/v2\/media?parent=1075"}],"wp:term":[{"taxonomy":"category","embeddable":true,"href":"https:\/\/www.cdlpv.org\/dtl\/wp-json\/wp\/v2\/categories?post=1075"},{"taxonomy":"post_tag","embeddable":true,"href":"https:\/\/www.cdlpv.org\/dtl\/wp-json\/wp\/v2\/tags?post=1075"}],"curies":[{"name":"wp","href":"https:\/\/api.w.org\/{rel}","templated":true}]}}