{"id":1073,"date":"2009-05-21T08:16:30","date_gmt":"2009-05-21T07:16:30","guid":{"rendered":"http:\/\/www.cdlpv.org\/dtl\/?p=1073"},"modified":"2009-05-21T08:16:30","modified_gmt":"2009-05-21T07:16:30","slug":"les-llengues-de-larago","status":"publish","type":"post","link":"https:\/\/www.cdlpv.org\/dtl\/2009\/05\/21\/les-llengues-de-larago\/","title":{"rendered":"Les lleng\u00fces de l&#8217;Arag\u00f3"},"content":{"rendered":"<p>Xavier Rull ens envia a trav\u00e9s d&#8217;InfoZ\u00e8fir la informaci\u00f3 seg\u00fcent:<\/p>\n<blockquote>\n<h2>Taula rodona sobre \u00abLa Llei de Lleng\u00fces a l&#8217;Arag\u00f3\u00bb a Barcelona<\/h2>\n<p><strong>Dia:<\/strong> divendres 22 de maig del 2009<br \/>\n<strong>Hora:<\/strong> 19:30 h<br \/>\n<strong>Lloc:<\/strong> aula 0.1, Facultat de Filologia de la Universitat de Barcelona (Gran Via de les Corts Catalanes &#8211; pla\u00e7a Universitat, Barcelona)<\/p>\n<p>Hi intervindran: Manuel Marqu\u00e9s i \u00c0nchel Conte (per l&#8217;aragon\u00e8s); H\u00e8ctor Moret i Carles Sancho (pel catal\u00e0). Modera: Jos\u00e9 Enrique Gargallo.<\/p>\n<p>Font: <a href=\"http:\/\/franja.balearweb.net\/post\/71024\" target=\"_blank\">http:\/\/franja.balearweb.net\/post\/71024<\/a>\n<\/p><\/blockquote>\n","protected":false},"excerpt":{"rendered":"<p>Xavier Rull ens envia a trav\u00e9s d&#8217;InfoZ\u00e8fir la informaci\u00f3 seg\u00fcent: Taula rodona sobre \u00abLa Llei de Lleng\u00fces a l&#8217;Arag\u00f3\u00bb a Barcelona Dia: divendres 22 de maig del 2009 Hora: 19:30 h Lloc: aula 0.1, Facultat de Filologia de la Universitat de Barcelona (Gran Via de les Corts Catalanes &#8211; pla\u00e7a Universitat, Barcelona) Hi intervindran: Manuel [&hellip;]<\/p>\n","protected":false},"author":2,"featured_media":0,"comment_status":"open","ping_status":"open","sticky":false,"template":"","format":"standard","meta":{"footnotes":""},"categories":[10,1,19,27],"tags":[136],"class_list":["post-1073","post","type-post","status-publish","format-standard","hentry","category-formacio","category-general","category-politica","category-sociolinguistica","tag-debats"],"_links":{"self":[{"href":"https:\/\/www.cdlpv.org\/dtl\/wp-json\/wp\/v2\/posts\/1073","targetHints":{"allow":["GET"]}}],"collection":[{"href":"https:\/\/www.cdlpv.org\/dtl\/wp-json\/wp\/v2\/posts"}],"about":[{"href":"https:\/\/www.cdlpv.org\/dtl\/wp-json\/wp\/v2\/types\/post"}],"author":[{"embeddable":true,"href":"https:\/\/www.cdlpv.org\/dtl\/wp-json\/wp\/v2\/users\/2"}],"replies":[{"embeddable":true,"href":"https:\/\/www.cdlpv.org\/dtl\/wp-json\/wp\/v2\/comments?post=1073"}],"version-history":[{"count":0,"href":"https:\/\/www.cdlpv.org\/dtl\/wp-json\/wp\/v2\/posts\/1073\/revisions"}],"wp:attachment":[{"href":"https:\/\/www.cdlpv.org\/dtl\/wp-json\/wp\/v2\/media?parent=1073"}],"wp:term":[{"taxonomy":"category","embeddable":true,"href":"https:\/\/www.cdlpv.org\/dtl\/wp-json\/wp\/v2\/categories?post=1073"},{"taxonomy":"post_tag","embeddable":true,"href":"https:\/\/www.cdlpv.org\/dtl\/wp-json\/wp\/v2\/tags?post=1073"}],"curies":[{"name":"wp","href":"https:\/\/api.w.org\/{rel}","templated":true}]}}