{"id":1070,"date":"2009-05-18T19:58:45","date_gmt":"2009-05-18T18:58:45","guid":{"rendered":"http:\/\/www.cdlpv.org\/dtl\/?p=1070"},"modified":"2009-05-18T19:58:45","modified_gmt":"2009-05-18T18:58:45","slug":"exercicis-autocorrectius-de-valencia","status":"publish","type":"post","link":"https:\/\/www.cdlpv.org\/dtl\/2009\/05\/18\/exercicis-autocorrectius-de-valencia\/","title":{"rendered":"Exercicis autocorrectius de valenci\u00e0"},"content":{"rendered":"<p>Immaculada Cerd\u00e0 ens envia la informaci\u00f3 seg\u00fcent:<\/p>\n<blockquote><p>\nTenim la satisfacci\u00f3 de poder-vos mostrar els primers exercicis autocorrectius de valenci\u00e0, nivell superior (C2).<\/p>\n<p>\u00c9s un projecte que ja estem ampliant amb exercicis de nivell elemental (B1) i que posteriorment arribar\u00e0 a tots els altres nivells.<\/p>\n<p>La forma d&#8217;accedir-hi \u00e9s molt f\u00e0cil: visiteu la nostra <a href=\"http:\/\/www.dival.es\/isum\/Main?ISUM_ID=Left&#038;ISUM_SCR=groupScr&#038;ISUM_CIPH=ntnBCl!WtMgJcdUPuKlQ0HPdZrkrCEMaJ6IRUX4c0kE_&#038;lang=va\" target=\"_blank\">p\u00e0gina web<\/a> Unitat de Normalitzaci\u00f3 Ling\u00fc\u00edstica i comenceu a practicar.<\/p>\n<p>Confiem que este nou recurs ser\u00e0 de profit i us convidem a fer-ne la m\u00e0xima difusi\u00f3.<\/p>\n<p>Immaculada Cerd\u00e0 Sanchis<br \/>\nCap de la Unitat de Normalitzaci\u00f3 Ling\u00fc\u00edstica<br \/>\nDiputaci\u00f3 de Val\u00e8ncia<br \/>\nPla\u00e7a de Manises, 4<br \/>\n46003 Val\u00e8ncia<br \/>\nTel. 963 882 833<br \/>\nFax 963 882 834<br \/>\n<a href=\"mailto:immaculada.cerda@dival.es\">immaculada.cerda@dival.es<\/a>\n<\/p><\/blockquote>\n","protected":false},"excerpt":{"rendered":"<p>Immaculada Cerd\u00e0 ens envia la informaci\u00f3 seg\u00fcent: Tenim la satisfacci\u00f3 de poder-vos mostrar els primers exercicis autocorrectius de valenci\u00e0, nivell superior (C2). \u00c9s un projecte que ja estem ampliant amb exercicis de nivell elemental (B1) i que posteriorment arribar\u00e0 a tots els altres nivells. La forma d&#8217;accedir-hi \u00e9s molt f\u00e0cil: visiteu la nostra p\u00e0gina web [&hellip;]<\/p>\n","protected":false},"author":2,"featured_media":0,"comment_status":"open","ping_status":"open","sticky":false,"template":"","format":"standard","meta":{"footnotes":""},"categories":[10,13,17],"tags":[149],"class_list":["post-1070","post","type-post","status-publish","format-standard","hentry","category-formacio","category-jqcv","category-normativa","tag-diputacio-de-valencia"],"_links":{"self":[{"href":"https:\/\/www.cdlpv.org\/dtl\/wp-json\/wp\/v2\/posts\/1070","targetHints":{"allow":["GET"]}}],"collection":[{"href":"https:\/\/www.cdlpv.org\/dtl\/wp-json\/wp\/v2\/posts"}],"about":[{"href":"https:\/\/www.cdlpv.org\/dtl\/wp-json\/wp\/v2\/types\/post"}],"author":[{"embeddable":true,"href":"https:\/\/www.cdlpv.org\/dtl\/wp-json\/wp\/v2\/users\/2"}],"replies":[{"embeddable":true,"href":"https:\/\/www.cdlpv.org\/dtl\/wp-json\/wp\/v2\/comments?post=1070"}],"version-history":[{"count":0,"href":"https:\/\/www.cdlpv.org\/dtl\/wp-json\/wp\/v2\/posts\/1070\/revisions"}],"wp:attachment":[{"href":"https:\/\/www.cdlpv.org\/dtl\/wp-json\/wp\/v2\/media?parent=1070"}],"wp:term":[{"taxonomy":"category","embeddable":true,"href":"https:\/\/www.cdlpv.org\/dtl\/wp-json\/wp\/v2\/categories?post=1070"},{"taxonomy":"post_tag","embeddable":true,"href":"https:\/\/www.cdlpv.org\/dtl\/wp-json\/wp\/v2\/tags?post=1070"}],"curies":[{"name":"wp","href":"https:\/\/api.w.org\/{rel}","templated":true}]}}