{"id":1065,"date":"2009-05-15T13:50:07","date_gmt":"2009-05-15T12:50:07","guid":{"rendered":"http:\/\/www.cdlpv.org\/dtl\/?p=1065"},"modified":"2009-05-15T13:50:07","modified_gmt":"2009-05-15T12:50:07","slug":"lassociacio-dels-tecnics-linguistics-al-pais-valencia","status":"publish","type":"post","link":"https:\/\/www.cdlpv.org\/dtl\/2009\/05\/15\/lassociacio-dels-tecnics-linguistics-al-pais-valencia\/","title":{"rendered":"L&#8217;associaci\u00f3 dels t\u00e8cnics ling\u00fc\u00edstics al Pa\u00eds Valenci\u00e0"},"content":{"rendered":"<p>A voltes diuen: \u00abSi no existira, caldria inventar-lo\u00bb (o crear-lo), i sembla que estiguen parlant d&#8217;alg\u00fa o d&#8217;alguna cosa imprescindible per a la vida de la humanitat sobre la terra \u2014exagerant un poquet\u2014. En canvi, comprove cada dia que tamb\u00e9 es d\u00f3na la contrapartida seg\u00fcent: \u00abCom que existix, l&#8217;ignorem\u00bb (o no en fem \u00fas).<\/p>\n<p>Ara com ara, fa m\u00e9s de deu anys que existix la Coordinadora de Dinamitzaci\u00f3 Ling\u00fc\u00edstica del Pa\u00eds Valenci\u00e0 <span class=\"versaleta\">(cdlpv)<\/span>, creada en 1998, que fou no s\u00e9 si el segon o tercer intent de crear una associaci\u00f3 de t\u00e8cnics ling\u00fc\u00edstics al Pa\u00eds Valenci\u00e0, i l&#8217;\u00fanic que va arribar a port.<\/p>\n<p>Va n\u00e0ixer en emulaci\u00f3 ni m\u00e9s ni menys que del <span class=\"versaleta\">cpnl<\/span> de Catalunya, sabent, aix\u00f2 s\u00ed, que mai no arribar\u00edem a gaudir dels beneficis de ser pr\u00f2xims al poder pol\u00edtic institucional, ja que no vol\u00edem mantindre eixa depend\u00e8ncia. Al cap de deu anys tenim vora una seixantena de persones associades que pertanyen a tots els \u00e0mbits en qu\u00e8 treballen els t\u00e8cnics ling\u00fc\u00edstics.<\/p>\n<p>Aix\u00ed, la tasca de la <span class=\"versaleta\">cdlpv<\/span> intenta arribar sempre a la globalitat dels t\u00e8cnics ling\u00fc\u00edstics, elabora materials i recursos, participa en campanyes i iniciatives sempre amb la intenci\u00f3 que tots els t\u00e8cnics ling\u00fc\u00edstics que arribem a localitzar al Pa\u00eds Valenci\u00e0 en coneguen l&#8217;exist\u00e8ncia i hi puguen participar. Naturalment, el mitj\u00e0 de m\u00e9s abast de qu\u00e8 disposem \u00e9s Internet (<em><a href=\"http:\/\/www.einesdellengua.org\" target=\"_blank\">Eines de Llengua<\/a><\/em> i <em>Diari per a T\u00e8cnics Ling\u00fc\u00edstics)<\/em>, tot i que ho complementem amb una revista \u2014que t\u00e9 l&#8217;aparici\u00f3 que li permeten les col\u00b7laboracions que l&#8217;omplin de contingut.<\/p>\n<p>Tanmateix, segurament per malaptesa dels qui hem regit la <span class=\"versaleta\">cdlpv<\/span> fins ara, no ens hem promogut prou o no hem conven\u00e7ut de la possibilitat de participaci\u00f3 col\u00b7lectiva que naixia amb el projecte de la <span class=\"versaleta\">cdlpv<\/span>. Dic aix\u00f2, perqu\u00e8 em comenten que hi ha t\u00e8cnics municipals \u2014n&#8217;hi ha que formen part de la <span class=\"versaleta\">cdlpv<\/span>\u2014 que participen en una xarxa de t\u00e8cnics en estat permanent de creaci\u00f3 i que no ha arribat a consolidar-se com a associaci\u00f3, amb la qual cosa continuen sent un conglomerat informal i poc definit de professionals de diversos \u00e0mbits.<\/p>\n<p>L&#8217;estiu passat, durant uns cursos d&#8217;estiu, un companya de l&#8217;administraci\u00f3 local em va comentar que eixa xarxa pretenia consolidar-se d&#8217;una manera formal i professional i em va demanar el meu parer. Li vaig dir que em semblava molt b\u00e9 eixa iniciativa professional. Amb tot, tamb\u00e9 li vaig comentar que, com que ja existia eixe ens formal \u2014la <span class=\"versaleta\">cdlpv<\/span>\u2014, no entenia per qu\u00e8 no havien utilitzat eixa via, per qu\u00e8 no havien fet servir eixe instrument que tenien al seu abast. La <span class=\"versaleta\">cdlpv<\/span> \u00e9s una entitat que els t\u00e8cnics que ja hi estaven associats podien utilitzar i modular activament per a la fi de crear eixa xarxa de t\u00e8cnics municipals. Per\u00f2 no ho havien fet i, en canvi, volien crear una altra entitat.<\/p>\n<p>Ha passat un any, tornarem als cursos d&#8217;estiu, i encara no s&#8217;han constitu\u00eft, ni tampoc han participat en les activitats ni en l&#8217;assemblea de la <span class=\"versaleta\">cdlpv<\/span>, ni han provat a fer \u00fas de les possibilitats d&#8217;esta associaci\u00f3 per a conglomerar professionalment el col\u00b7lectiu de t\u00e8cnics ling\u00fc\u00edstics municipals. Segurament \u00e9s perqu\u00e8 no els ho hem fet saber adequadament o de manera prou clara.<\/p>\n<p>Per aix\u00f2, insistixc, la <span class=\"versaleta\">cdlpv<\/span> \u00e9s una associaci\u00f3 que t\u00e9 precisament eixa finalitat: coordinar i cohesionar el col\u00b7lectiu de t\u00e8cnics valencians de qualsevol \u00e0mbit per tal que puguen exercir la seua tasca professional de la manera m\u00e9s efectiva, sempre amb la finalitat principal d&#8217;aconseguir que la pol\u00edtica ling\u00fc\u00edstica general que s&#8217;aplique al Pa\u00eds Valenci\u00e0 respecte els drets ling\u00fc\u00edstics dels ciutadans valencians i afavorixca l&#8217;\u00fas del valenci\u00e0.<\/p>\n<p>Miquel Boronat Cogollos<br \/>\nSecretari de la <span class=\"versaleta\">cdlpv<\/span><\/p>\n","protected":false},"excerpt":{"rendered":"<p>A voltes diuen: \u00abSi no existira, caldria inventar-lo\u00bb (o crear-lo), i sembla que estiguen parlant d&#8217;alg\u00fa o d&#8217;alguna cosa imprescindible per a la vida de la humanitat sobre la terra \u2014exagerant un poquet\u2014. En canvi, comprove cada dia que tamb\u00e9 es d\u00f3na la contrapartida seg\u00fcent: \u00abCom que existix, l&#8217;ignorem\u00bb (o no en fem \u00fas). Ara [&hellip;]<\/p>\n","protected":false},"author":2,"featured_media":0,"comment_status":"open","ping_status":"open","sticky":false,"template":"","format":"standard","meta":{"footnotes":""},"categories":[2,1,15,19,26,31],"tags":[68,99],"class_list":["post-1065","post","type-post","status-publish","format-standard","hentry","category-comunicacio","category-general","category-laboral","category-politica","category-serveis-linguistics","category-tmpl","tag-associacions","tag-cdlpv"],"_links":{"self":[{"href":"https:\/\/www.cdlpv.org\/dtl\/wp-json\/wp\/v2\/posts\/1065","targetHints":{"allow":["GET"]}}],"collection":[{"href":"https:\/\/www.cdlpv.org\/dtl\/wp-json\/wp\/v2\/posts"}],"about":[{"href":"https:\/\/www.cdlpv.org\/dtl\/wp-json\/wp\/v2\/types\/post"}],"author":[{"embeddable":true,"href":"https:\/\/www.cdlpv.org\/dtl\/wp-json\/wp\/v2\/users\/2"}],"replies":[{"embeddable":true,"href":"https:\/\/www.cdlpv.org\/dtl\/wp-json\/wp\/v2\/comments?post=1065"}],"version-history":[{"count":0,"href":"https:\/\/www.cdlpv.org\/dtl\/wp-json\/wp\/v2\/posts\/1065\/revisions"}],"wp:attachment":[{"href":"https:\/\/www.cdlpv.org\/dtl\/wp-json\/wp\/v2\/media?parent=1065"}],"wp:term":[{"taxonomy":"category","embeddable":true,"href":"https:\/\/www.cdlpv.org\/dtl\/wp-json\/wp\/v2\/categories?post=1065"},{"taxonomy":"post_tag","embeddable":true,"href":"https:\/\/www.cdlpv.org\/dtl\/wp-json\/wp\/v2\/tags?post=1065"}],"curies":[{"name":"wp","href":"https:\/\/api.w.org\/{rel}","templated":true}]}}