{"id":106,"date":"2007-06-19T20:08:05","date_gmt":"2007-06-19T19:08:05","guid":{"rendered":"http:\/\/www.cdlpv.org\/dtl\/?p=106"},"modified":"2007-06-19T20:08:05","modified_gmt":"2007-06-19T19:08:05","slug":"requisit-linguistic-britanic","status":"publish","type":"post","link":"https:\/\/www.cdlpv.org\/dtl\/2007\/06\/19\/requisit-linguistic-britanic\/","title":{"rendered":"Requisit ling\u00fc\u00edstic brit\u00e0nic"},"content":{"rendered":"<p>La desconnexi\u00f3 informativa sobre alguns temes que ens afecten ben profundament potser fa que passen desapercebudes, descontextualitzades o sense massa transcend\u00e8ncia algunes not\u00edcies que haurien de tindre un tractament m\u00e9s acurat.<\/p>\n<p>Aix\u00ed, tot i que encara no ens hem acabat d&#8217;assabentar que el requisit ling\u00fc\u00edstic \u00e9s un deure com\u00fa a moltes parts del m\u00f3n, sembla que, m\u00e9s encara, com m\u00e9s a prop, menys ens el mostren i menys el vegem, com \u00e9s el cas del requisit ling\u00fc\u00edstic espanyol, que apareix en la constituci\u00f3 espanyola i \u00e9s exigit en qualsevol \u00e0mbit de l&#8217;administraci\u00f3 p\u00fablica espanyola, valenciana, catalana, balear, aragonesa o murciana (al Rossell\u00f3 es tracta del requisit ling\u00fc\u00edstic franc\u00e9s; a l&#8217;Alguer crec que l&#8217;itali\u00e0 s&#8217;imposa sense m\u00e9s requisit.)<\/p>\n<p>Ara nom\u00e9s cal recordar que l&#8217;administraci\u00f3 valenciana t\u00e9 implantat el requisit ling\u00fc\u00edstic valenci\u00e0 &mdash;tot i que mal regulat&mdash;, que fou establit amb la Llei 4\/1983 i preestablit i suposat en la Constituci\u00f3 de 1978. I aix\u00f2 deu ser cosa de la modernitat, ja que el manteniment i extensi\u00f3 de la diversitat ling\u00fc\u00edstica i dels valors associats a les lleng\u00fces del m\u00f3n s&#8217;enfoca a trav\u00e9s d&#8217;un requisit semblant (i m\u00e9s ample moltes vegades).<\/p>\n<p>Segons podem llegir en <em>El Pa\u00eds<\/em> (W. Oppenheimer, dc. 13.06.2007):<\/p>\n<blockquote>\n<h2>Examen d&#8217;angl\u00e9s per a ser brit\u00e0nic<\/h2>\n[&#8230;]\n<p>Des del 2 d&#8217;abril passat, l&#8217;examen de llengua i de ciutadania s&#8217;ha est\u00e9s a aquells que sol\u00b7liciten un perm\u00eds de resid\u00e8ncia permanent. Per\u00f2 han comen\u00e7at a sonar veus per a estendre eixa exig\u00e8ncia a qualsevol estranger de fora de la UE que vullga instal\u00b7lar-se m\u00e9s de sis mesos al Regne Unit. La idea es complementa amb la proposta d&#8217;instaurar un dia de festa nacional i exaltaci\u00f3 dels valors comuns dels brit\u00e0nics.\n<\/p><\/blockquote>\n","protected":false},"excerpt":{"rendered":"<p>La desconnexi\u00f3 informativa sobre alguns temes que ens afecten ben profundament potser fa que passen desapercebudes, descontextualitzades o sense massa transcend\u00e8ncia algunes not\u00edcies que haurien de tindre un tractament m\u00e9s acurat. Aix\u00ed, tot i que encara no ens hem acabat d&#8217;assabentar que el requisit ling\u00fc\u00edstic \u00e9s un deure com\u00fa a moltes parts del m\u00f3n, sembla [&hellip;]<\/p>\n","protected":false},"author":2,"featured_media":0,"comment_status":"open","ping_status":"open","sticky":false,"template":"","format":"standard","meta":{"footnotes":""},"categories":[2,1,47,19,24],"tags":[],"class_list":["post-106","post","type-post","status-publish","format-standard","hentry","category-comunicacio","category-general","category-planificacio","category-politica","category-requisit-linguistic"],"_links":{"self":[{"href":"https:\/\/www.cdlpv.org\/dtl\/wp-json\/wp\/v2\/posts\/106","targetHints":{"allow":["GET"]}}],"collection":[{"href":"https:\/\/www.cdlpv.org\/dtl\/wp-json\/wp\/v2\/posts"}],"about":[{"href":"https:\/\/www.cdlpv.org\/dtl\/wp-json\/wp\/v2\/types\/post"}],"author":[{"embeddable":true,"href":"https:\/\/www.cdlpv.org\/dtl\/wp-json\/wp\/v2\/users\/2"}],"replies":[{"embeddable":true,"href":"https:\/\/www.cdlpv.org\/dtl\/wp-json\/wp\/v2\/comments?post=106"}],"version-history":[{"count":0,"href":"https:\/\/www.cdlpv.org\/dtl\/wp-json\/wp\/v2\/posts\/106\/revisions"}],"wp:attachment":[{"href":"https:\/\/www.cdlpv.org\/dtl\/wp-json\/wp\/v2\/media?parent=106"}],"wp:term":[{"taxonomy":"category","embeddable":true,"href":"https:\/\/www.cdlpv.org\/dtl\/wp-json\/wp\/v2\/categories?post=106"},{"taxonomy":"post_tag","embeddable":true,"href":"https:\/\/www.cdlpv.org\/dtl\/wp-json\/wp\/v2\/tags?post=106"}],"curies":[{"name":"wp","href":"https:\/\/api.w.org\/{rel}","templated":true}]}}