{"id":1055,"date":"2009-05-06T12:24:55","date_gmt":"2009-05-06T11:24:55","guid":{"rendered":"http:\/\/www.cdlpv.org\/dtl\/?p=1055"},"modified":"2009-05-06T12:24:55","modified_gmt":"2009-05-06T11:24:55","slug":"llibres-sobre-el-futur-del-catala-i-sobre-la-identitat-linguistica","status":"publish","type":"post","link":"https:\/\/www.cdlpv.org\/dtl\/2009\/05\/06\/llibres-sobre-el-futur-del-catala-i-sobre-la-identitat-linguistica\/","title":{"rendered":"Llibres sobre el futur del catal\u00e0 i sobre la identitat ling\u00fc\u00edstica"},"content":{"rendered":"<p>Marta Torres Vilatarsana ens envia a trav\u00e9s d&#8217;InfoZ\u00e8fir les informacions seg\u00fcents:<\/p>\n<blockquote><p>\nLa Societat Catalana de Socioling\u00fc\u00edstica es complau a convidar-vos a la presentaci\u00f3 del llibre <em>Els futurs del catal\u00e0. Un estat de la q\u00fcesti\u00f3 i una q\u00fcesti\u00f3 d\u2019estat,<\/em> per Emili Boix-Fuster, coordinador del volum.<\/p>\n<p>El llibre representa una bona s\u00edntesi de la situaci\u00f3 ling\u00fc\u00edstica als pa\u00efsos de parla catalana, que es fonamenta en les dades de les enquestes d\u2019usos ling\u00fc\u00edstics als territoris de parla catalana i de l\u2019Acad\u00e8mia Valenciana de la Llengua. En s\u00f3n autors Albert Fab\u00e0, Miquel \u00c0ngel Pradilla, Joan Meli\u00e0, Gentil Puig, Josep Manel Ballar\u00edn, Natxo Sorolla, Andreu Bosch, Noem\u00ed Ubach i Pere Comellas, a banda d\u2019Emili Boix.<\/p>\n<p>L\u2019acte tindr\u00e0 lloc el dimarts 12 de maig, a les 18.30h a l\u2019Institut d\u2019Estudis Catalans, carrer del Carme, 47. Sala Puig i Cadafalch.<\/p>\n<p>Font: <a href=\"http:\/\/socs.iec.cat\/filial\/ViewPage.action?siteNodeId=690&#038;languageId=1&#038;contentId=-1\" target=\"_blank\">Societat Catalana de Socioling\u00fc\u00edstica<\/a>\n<\/p><\/blockquote>\n<blockquote><p>\nEl director del Departament de Filologia Catalana i el director del Centre Universitari de Socioling\u00fc\u00edstica i Comunicaci\u00f3 (<span class=\"versaleta\">cusc<\/span>) es complauen a convidar-vos a la presentaci\u00f3 del llibre, <em>Llengua i identitat.<\/em><\/p>\n<p>Els autors del volum s\u00f3n: Emili Boix-Fuster, Rafael Castell\u00f3, Jean Paul Escudero, Josep Espluga, Sabela Labra\u00f1a, \u00c0ngels Massip (coord.), Joan F. Mira, Esperanza Morales, Patrick Sauzet, Raimondo Strassoldo.<\/p>\n<p>Editat per Publicacions i Edicions de la Universitat de Barcelona.<\/p>\n<p>En l\u2019acte intervindran:<\/p>\n<p>Sra. M. Jes\u00fas Ferrer, cap del Gabinet de Coordinaci\u00f3 del Comissionat d\u2019Universitats i Recerca.<br \/>\nDr. Albert Bastardas, director del <span class=\"versaleta\">cusc<\/span>.<br \/>\nDr. Vittorio de l\u2019Aquilla, coordinador del Servisc de Planificazion y Elaborazion dl Lingaz Ladin.<br \/>\nDra. \u00c0ngels Massip, coordinadora del llibre.<br \/>\nDra. Maria Josep Jarque, professora a la Facultat de Psicologia de la UB i docent de llengua signes.<\/p>\n<p>L\u2019acte tindr\u00e0 lloc el dimecres 13 de maig a les set de la tarda al Centre de Cultura Contempor\u00e0nia de Barcelona, Montalegre, 5, Aula 2 &#8211; 08001 Barcelona.<\/p>\n<p>Font: <a href=\"www.ub.es\/cusc\" target=\"_blank\">Observatori <span class=\"versaleta\">cusc<\/span> &#8211; Centre Universitari de Socioling\u00fc\u00edstica i Comunicaci\u00f3<\/a>\n<\/p><\/blockquote>\n","protected":false},"excerpt":{"rendered":"<p>Marta Torres Vilatarsana ens envia a trav\u00e9s d&#8217;InfoZ\u00e8fir les informacions seg\u00fcents: La Societat Catalana de Socioling\u00fc\u00edstica es complau a convidar-vos a la presentaci\u00f3 del llibre Els futurs del catal\u00e0. Un estat de la q\u00fcesti\u00f3 i una q\u00fcesti\u00f3 d\u2019estat, per Emili Boix-Fuster, coordinador del volum. El llibre representa una bona s\u00edntesi de la situaci\u00f3 ling\u00fc\u00edstica als [&hellip;]<\/p>\n","protected":false},"author":2,"featured_media":0,"comment_status":"open","ping_status":"open","sticky":false,"template":"","format":"standard","meta":{"footnotes":""},"categories":[1,27],"tags":[291],"class_list":["post-1055","post","type-post","status-publish","format-standard","hentry","category-general","category-sociolinguistica","tag-llibres"],"_links":{"self":[{"href":"https:\/\/www.cdlpv.org\/dtl\/wp-json\/wp\/v2\/posts\/1055","targetHints":{"allow":["GET"]}}],"collection":[{"href":"https:\/\/www.cdlpv.org\/dtl\/wp-json\/wp\/v2\/posts"}],"about":[{"href":"https:\/\/www.cdlpv.org\/dtl\/wp-json\/wp\/v2\/types\/post"}],"author":[{"embeddable":true,"href":"https:\/\/www.cdlpv.org\/dtl\/wp-json\/wp\/v2\/users\/2"}],"replies":[{"embeddable":true,"href":"https:\/\/www.cdlpv.org\/dtl\/wp-json\/wp\/v2\/comments?post=1055"}],"version-history":[{"count":0,"href":"https:\/\/www.cdlpv.org\/dtl\/wp-json\/wp\/v2\/posts\/1055\/revisions"}],"wp:attachment":[{"href":"https:\/\/www.cdlpv.org\/dtl\/wp-json\/wp\/v2\/media?parent=1055"}],"wp:term":[{"taxonomy":"category","embeddable":true,"href":"https:\/\/www.cdlpv.org\/dtl\/wp-json\/wp\/v2\/categories?post=1055"},{"taxonomy":"post_tag","embeddable":true,"href":"https:\/\/www.cdlpv.org\/dtl\/wp-json\/wp\/v2\/tags?post=1055"}],"curies":[{"name":"wp","href":"https:\/\/api.w.org\/{rel}","templated":true}]}}