{"id":104,"date":"2007-06-13T11:41:12","date_gmt":"2007-06-13T10:41:12","guid":{"rendered":"http:\/\/www.cdlpv.org\/dtl\/?p=104"},"modified":"2007-06-13T11:41:12","modified_gmt":"2007-06-13T10:41:12","slug":"la-generalitat-vol-multar-acpv-per-reemetre-la-tv3-al-pais-valencia","status":"publish","type":"post","link":"https:\/\/www.cdlpv.org\/dtl\/2007\/06\/13\/la-generalitat-vol-multar-acpv-per-reemetre-la-tv3-al-pais-valencia\/","title":{"rendered":"La Generalitat vol multar ACPV per la reemissi\u00f3 de la TV3 al Pa\u00eds Valenci\u00e0"},"content":{"rendered":"<p>Continuant amb les amenaces a la llibertat d&#8217;expressi\u00f3 i informativa que han promogut els dirigents del PP valenci\u00e0 &mdash;i no sabem si el vene\u00e7ol\u00e0 Ch\u00e1vez, que no ha renovat la llic\u00e8ncia d&#8217;una cadena televisiva perqu\u00e8 la considerava nociva (i podem recordar tamb\u00e9 el cas de l&#8217;anul\u00b7laci\u00f3 pels mateixos \u00abmotius\u00bb de la subvenci\u00f3 a <em>El Temps<\/em> en els primers temps de Zaplana)&mdash; s&#8217;ho ha copiat o n&#8217;ha estat inspirador, podem llegir en <em>El Pa\u00eds<\/em> de hui:<\/p>\n<blockquote>\n<h2>La Generalitat notifica la multa de 300.000 euros i el tancament de TV3<\/h2>\n<h5>L. G. G., Val\u00e8ncia<\/h5>\n<p>La Generalitat va notificar ahir a Acci\u00f3 Cultural del Pa\u00eds Valenci\u00e0 (ACPV) la resoluci\u00f3 de l&#8217;expedient administratiu obert a la propiet\u00e0ria dels repetidors de TV3 en qu\u00e8 ordena el \u00abcessament immediat\u00bb de les emissions i imposa una multa de 300.000 euros com a responsable d&#8217;una infracci\u00f3 \u00abmolt greu\u00bb de la Llei d&#8217;Ordenaci\u00f3 de les Telecomunicacions. La Generalitat conclou que ACPV \u00e9s responsable d&#8217;una infracci\u00f3 \u00abmolt greu\u00bb consistent en la \u00abprestaci\u00f3 en r\u00e8gim de gesti\u00f3 indirecta dels serveis de televisi\u00f3 per ones terrestres sense la concessi\u00f3 administrativa preceptiva\u00bb. L&#8217;obertura de l&#8217;expedient ha estat objecte de recurs davant el Tribunal Superior de Just\u00edcia (TSJ) per entendre que la Generalitat no \u00e9s competent sin\u00f3 que ho \u00e9s el Ministeri d&#8217;Ind\u00fastria.<\/p>\n<hr \/>\n<div align=\"right\"><a href=\"http:\/\/www.acpv.cat\/php\/noticia.php?id_noti=674&#038;sessio=\" target=\"_blank\">Vegeu<\/a> el comunicat <a title=\"Acci\u00f3 Cultural del Pa\u00eds Valenci\u00e0\">d&#8217;ACPV<\/a>.<\/em><\/div>\n<\/blockquote>\n","protected":false},"excerpt":{"rendered":"<p>Continuant amb les amenaces a la llibertat d&#8217;expressi\u00f3 i informativa que han promogut els dirigents del PP valenci\u00e0 &mdash;i no sabem si el vene\u00e7ol\u00e0 Ch\u00e1vez, que no ha renovat la llic\u00e8ncia d&#8217;una cadena televisiva perqu\u00e8 la considerava nociva (i podem recordar tamb\u00e9 el cas de l&#8217;anul\u00b7laci\u00f3 pels mateixos \u00abmotius\u00bb de la subvenci\u00f3 a El Temps [&hellip;]<\/p>\n","protected":false},"author":2,"featured_media":0,"comment_status":"open","ping_status":"open","sticky":false,"template":"","format":"standard","meta":{"footnotes":""},"categories":[2,1,19,34],"tags":[],"class_list":["post-104","post","type-post","status-publish","format-standard","hentry","category-comunicacio","category-general","category-politica","category-tv3"],"_links":{"self":[{"href":"https:\/\/www.cdlpv.org\/dtl\/wp-json\/wp\/v2\/posts\/104","targetHints":{"allow":["GET"]}}],"collection":[{"href":"https:\/\/www.cdlpv.org\/dtl\/wp-json\/wp\/v2\/posts"}],"about":[{"href":"https:\/\/www.cdlpv.org\/dtl\/wp-json\/wp\/v2\/types\/post"}],"author":[{"embeddable":true,"href":"https:\/\/www.cdlpv.org\/dtl\/wp-json\/wp\/v2\/users\/2"}],"replies":[{"embeddable":true,"href":"https:\/\/www.cdlpv.org\/dtl\/wp-json\/wp\/v2\/comments?post=104"}],"version-history":[{"count":0,"href":"https:\/\/www.cdlpv.org\/dtl\/wp-json\/wp\/v2\/posts\/104\/revisions"}],"wp:attachment":[{"href":"https:\/\/www.cdlpv.org\/dtl\/wp-json\/wp\/v2\/media?parent=104"}],"wp:term":[{"taxonomy":"category","embeddable":true,"href":"https:\/\/www.cdlpv.org\/dtl\/wp-json\/wp\/v2\/categories?post=104"},{"taxonomy":"post_tag","embeddable":true,"href":"https:\/\/www.cdlpv.org\/dtl\/wp-json\/wp\/v2\/tags?post=104"}],"curies":[{"name":"wp","href":"https:\/\/api.w.org\/{rel}","templated":true}]}}