{"id":1035,"date":"2009-04-30T11:29:01","date_gmt":"2009-04-30T10:29:01","guid":{"rendered":"http:\/\/www.cdlpv.org\/dtl\/?p=1035"},"modified":"2009-04-30T11:29:01","modified_gmt":"2009-04-30T10:29:01","slug":"jornada-sobre-els-vints-anys-densenyament-en-el-cpnl","status":"publish","type":"post","link":"https:\/\/www.cdlpv.org\/dtl\/2009\/04\/30\/jornada-sobre-els-vints-anys-densenyament-en-el-cpnl\/","title":{"rendered":"Jornada sobre els vints anys d&#8217;ensenyament en el CPNL"},"content":{"rendered":"<p>Joan Vilarnau ens envia a trav\u00e9s d&#8217;InfoZ\u00e8fir la informaci\u00f3 seg\u00fcent:<\/p>\n<blockquote>\n<h2>20 anys d&#8217;ensenyament del catal\u00e0. Del <em>Digui, digui<\/em>&#8230; al <em>Parla.cat<\/em><\/h2>\n<p>En aquesta jornada hi haur\u00e0 una primera intervenci\u00f3 per explicar quins s\u00f3n i com han evolucionat els serveis, la metodologia i l&#8217;enfocament pedag\u00f2gic al Consorci, alhora que tamb\u00e9 ha anat canviant el tipus d&#8217;alumnat en una societat cada cop m\u00e9s multiling\u00fce. Ens plantejarem tamb\u00e9 quins s\u00f3n els principals reptes de futur.<\/p>\n<p>En una segona part comptarem amb la intervenci\u00f3 de Joan-Tom\u00e0s Pujol\u00e0, professor titular d&#8217;Escola Universit\u00e0ria, especialista en metodologia d&#8217;ensenyament de lleng\u00fces, que oferir\u00e0 una visi\u00f3 general del futur de l&#8217;ensenyament de lleng\u00fces.<\/p>\n<p><strong>Dia:<\/strong> 6 de maig de 2009<br \/>\n<strong>Hora:<\/strong> de 18 a 20 hores<br \/>\n<strong>Lloc:<\/strong> Cotxeres del Palau Robert<br \/>\n    Palau Robert, Centre d&#8217;Informaci\u00f3 de Catalunya<br \/>\n    Passeig de Gr\u00e0cia, 107 08008 Barcelona<\/p>\n<p>El <span class=\"versaleta\">cpnl<\/span> \u00e9s una instituci\u00f3 p\u00fablica dirigida a les persones, que fa formaci\u00f3 i dinamitzaci\u00f3 ling\u00fc\u00edstica i que busca la cohesi\u00f3 social a trav\u00e9s del foment de l&#8217;\u00fas de la llengua catalana. En l&#8217;any de celebraci\u00f3 del seu 20\u00e8 aniversari, el <span class=\"versaleta\">cpnl<\/span> ha superat ja la xifra d&#8217;1.000.000 d&#8217;inscripcions.<\/p>\n<p>Actualment el Consorci compta amb m\u00e9s de 130 socis, t\u00e9 pres\u00e8ncia a m\u00e9s de 150 punts del territori i ha esdevingut un referent arreu del pa\u00eds.<\/p>\n<p>M\u00e9s informaci\u00f3 al web del Cicle de converses del <span class=\"versaleta\">cpnl<\/span>. <\/p>\n<p>Enlla\u00e7os:<br \/>\n<a href=\"http:\/\/www.cpnl.cat\/20anys\/ensenyament.html\" target=\"_blank\">http:\/\/www.cpnl.cat\/20anys\/ensenyament.html<\/a><br \/>\n<a href=\"http:\/\/www.cpnl.cat\/20anys\/conferencies.html\" target=\"_blank\">http:\/\/www.cpnl.cat\/20anys\/conferencies.html<\/a><br \/>\n<a href=\"http:\/\/www.cpnl.cat\/20anys\" target=\"_blank\">http:\/\/www.cpnl.cat\/20anys<\/a><\/p>\n<p>Font: \u00c0rea de Comunicaci\u00f3<br \/>\nConsorci per a la Normalitzaci\u00f3 Ling\u00fc\u00edstica<br \/>\nTel.: 93 272 31 00\n<\/p><\/blockquote>\n","protected":false},"excerpt":{"rendered":"<p>Joan Vilarnau ens envia a trav\u00e9s d&#8217;InfoZ\u00e8fir la informaci\u00f3 seg\u00fcent: 20 anys d&#8217;ensenyament del catal\u00e0. Del Digui, digui&#8230; al Parla.cat En aquesta jornada hi haur\u00e0 una primera intervenci\u00f3 per explicar quins s\u00f3n i com han evolucionat els serveis, la metodologia i l&#8217;enfocament pedag\u00f2gic al Consorci, alhora que tamb\u00e9 ha anat canviant el tipus d&#8217;alumnat en [&hellip;]<\/p>\n","protected":false},"author":2,"featured_media":0,"comment_status":"open","ping_status":"open","sticky":false,"template":"","format":"standard","meta":{"footnotes":""},"categories":[10,1,47],"tags":[129],"class_list":["post-1035","post","type-post","status-publish","format-standard","hentry","category-formacio","category-general","category-planificacio","tag-cpnl"],"_links":{"self":[{"href":"https:\/\/www.cdlpv.org\/dtl\/wp-json\/wp\/v2\/posts\/1035","targetHints":{"allow":["GET"]}}],"collection":[{"href":"https:\/\/www.cdlpv.org\/dtl\/wp-json\/wp\/v2\/posts"}],"about":[{"href":"https:\/\/www.cdlpv.org\/dtl\/wp-json\/wp\/v2\/types\/post"}],"author":[{"embeddable":true,"href":"https:\/\/www.cdlpv.org\/dtl\/wp-json\/wp\/v2\/users\/2"}],"replies":[{"embeddable":true,"href":"https:\/\/www.cdlpv.org\/dtl\/wp-json\/wp\/v2\/comments?post=1035"}],"version-history":[{"count":0,"href":"https:\/\/www.cdlpv.org\/dtl\/wp-json\/wp\/v2\/posts\/1035\/revisions"}],"wp:attachment":[{"href":"https:\/\/www.cdlpv.org\/dtl\/wp-json\/wp\/v2\/media?parent=1035"}],"wp:term":[{"taxonomy":"category","embeddable":true,"href":"https:\/\/www.cdlpv.org\/dtl\/wp-json\/wp\/v2\/categories?post=1035"},{"taxonomy":"post_tag","embeddable":true,"href":"https:\/\/www.cdlpv.org\/dtl\/wp-json\/wp\/v2\/tags?post=1035"}],"curies":[{"name":"wp","href":"https:\/\/api.w.org\/{rel}","templated":true}]}}