{"id":1027,"date":"2009-04-28T13:53:10","date_gmt":"2009-04-28T12:53:10","guid":{"rendered":"http:\/\/www.cdlpv.org\/dtl\/?p=1027"},"modified":"2009-04-28T13:53:10","modified_gmt":"2009-04-28T12:53:10","slug":"jornada-sobre-assessorament-linguistic","status":"publish","type":"post","link":"https:\/\/www.cdlpv.org\/dtl\/2009\/04\/28\/jornada-sobre-assessorament-linguistic\/","title":{"rendered":"Jornada sobre assessorament ling\u00fc\u00edstic"},"content":{"rendered":"<p>Xavier Rull ens envia a trav\u00e9s d&#8217;InfoZ\u00e8fir la informaci\u00f3 seg\u00fcent:<\/p>\n<blockquote>\n<h2>Jornada sobre Experi\u00e8ncies Sectorials en Assessorament Ling\u00fc\u00edstic<\/h2>\n<p><strong>Dia:<\/strong> dimarts 26 de maig del 2009<br \/>\n<strong>Lloc:<\/strong> Universitat de Barcelona, Facultat de Filologia, Edifici Josep Carner, aula 0.1<\/p>\n<p>El Departament de Filologia Catalana de la Universitat de Barcelona ha cregut convenient completar el debat sobre l\u2019actualitat i el futur de l\u2019assessorament ling\u00fc\u00edstic, que es va iniciar el mes de novembre passat en el marc del 16\u00e8 Col\u00b7loqui Ling\u00fc\u00edstic de la Universitat de Barcelona (<span class=\"versaleta\">club<\/span> 16), amb una jornada m\u00e9s aplicada i enfocada a la feina quotidiana dels assessors ling\u00fc\u00edstics. Amb aquesta finalitat, presentem ara la Jornada sobre Experi\u00e8ncies Sectorials en Assessorament Ling\u00fc\u00edstic.<\/p>\n<p>En aquesta jornada pretenem que hi hagi aportacions d\u2019\u00e0mbits ben diversos, amb perspectives complement\u00e0ries, on es posin a debat els reptes quotidians amb qu\u00e8 es troben els profes-sionals de la llengua.<\/p>\n<p><strong>Programa<\/strong><\/p>\n<p>9.15 \u2013 9.30 h Inauguraci\u00f3 i presentaci\u00f3<br \/>\n<strong>Sessi\u00f3 1: Administraci\u00f3 p\u00fablica<br \/>\n<\/strong>9.30 \u2013 9.50 h Margarida Sanjaume (Parlament de Catalunya)<br \/>\n9.55 \u2013 10.15 h Eva Casas\u00fas (Port de Barcelona)<br \/>\n10.20 \u2013 10.40 h Joan Anton Rabella (Oficina d\u2019Onom\u00e0stica, <span class=\"versaleta\">iec<\/span>)<br \/>\n10.45 \u2013 11.15 h Debat<\/p>\n<p><strong>Pausa<\/strong><\/p>\n<p><strong>Sessi\u00f3 2: mitjans de comunicaci\u00f3 i \u00e0mbit socioecon\u00f2mic<\/strong><br \/>\n11.45 \u2013 12.05 h Xavier Carrasco (Enciclop\u00e8dia Catalana)<br \/>\n12.10 \u2013 12.30 h Gl\u00f2ria Torra (Televisi\u00f3 de Catalunya)<br \/>\n12.35 \u2013 12.55 h Jaume Cap\u00f3 (empresa de comunicaci\u00f3 Hores Extraordin\u00e0ries)<br \/>\n13.00 \u2013 13.30 h Debat<br \/>\n13.35 \u2013 14.00 h Debat final<\/p>\n<p>Inscripcions: <a href=\"club16@ub.edu\" target=\"_blank\">club16@ub.edu<\/a><br \/>\nLa inscripci\u00f3 \u00e9s gratu\u00efta. Les places disponibles es distribuiran per ordre d\u2019inscripci\u00f3.<\/p>\n<p>Organitzaci\u00f3: Departament de Filologia Catalana, Universitat de Barcelona\n<\/p><\/blockquote>\n","protected":false},"excerpt":{"rendered":"<p>Xavier Rull ens envia a trav\u00e9s d&#8217;InfoZ\u00e8fir la informaci\u00f3 seg\u00fcent: Jornada sobre Experi\u00e8ncies Sectorials en Assessorament Ling\u00fc\u00edstic Dia: dimarts 26 de maig del 2009 Lloc: Universitat de Barcelona, Facultat de Filologia, Edifici Josep Carner, aula 0.1 El Departament de Filologia Catalana de la Universitat de Barcelona ha cregut convenient completar el debat sobre l\u2019actualitat i [&hellip;]<\/p>\n","protected":false},"author":2,"featured_media":0,"comment_status":"open","ping_status":"open","sticky":false,"template":"","format":"standard","meta":{"footnotes":""},"categories":[10,1],"tags":[258,493],"class_list":["post-1027","post","type-post","status-publish","format-standard","hentry","category-formacio","category-general","tag-jornades","tag-universitat-de-barcelona"],"_links":{"self":[{"href":"https:\/\/www.cdlpv.org\/dtl\/wp-json\/wp\/v2\/posts\/1027","targetHints":{"allow":["GET"]}}],"collection":[{"href":"https:\/\/www.cdlpv.org\/dtl\/wp-json\/wp\/v2\/posts"}],"about":[{"href":"https:\/\/www.cdlpv.org\/dtl\/wp-json\/wp\/v2\/types\/post"}],"author":[{"embeddable":true,"href":"https:\/\/www.cdlpv.org\/dtl\/wp-json\/wp\/v2\/users\/2"}],"replies":[{"embeddable":true,"href":"https:\/\/www.cdlpv.org\/dtl\/wp-json\/wp\/v2\/comments?post=1027"}],"version-history":[{"count":0,"href":"https:\/\/www.cdlpv.org\/dtl\/wp-json\/wp\/v2\/posts\/1027\/revisions"}],"wp:attachment":[{"href":"https:\/\/www.cdlpv.org\/dtl\/wp-json\/wp\/v2\/media?parent=1027"}],"wp:term":[{"taxonomy":"category","embeddable":true,"href":"https:\/\/www.cdlpv.org\/dtl\/wp-json\/wp\/v2\/categories?post=1027"},{"taxonomy":"post_tag","embeddable":true,"href":"https:\/\/www.cdlpv.org\/dtl\/wp-json\/wp\/v2\/tags?post=1027"}],"curies":[{"name":"wp","href":"https:\/\/api.w.org\/{rel}","templated":true}]}}