{"id":1025,"date":"2009-04-27T13:39:43","date_gmt":"2009-04-27T12:39:43","guid":{"rendered":"http:\/\/www.cdlpv.org\/dtl\/?p=1025"},"modified":"2009-04-27T13:39:43","modified_gmt":"2009-04-27T12:39:43","slug":"la-ideologia-linguistica-dels-dirigents-del-partit-popular-valencia","status":"publish","type":"post","link":"https:\/\/www.cdlpv.org\/dtl\/2009\/04\/27\/la-ideologia-linguistica-dels-dirigents-del-partit-popular-valencia\/","title":{"rendered":"La ideologia ling\u00fc\u00edstica dels dirigents del Partit Popular valenci\u00e0"},"content":{"rendered":"<p>Ferran Suay, professor de psicobiologia de la Universitat de Val\u00e8ncia. descriu en l&#8217;article \u00abCastellanisme radical\u00bb (<em>Levante<\/em>, <a href=\"http:\/\/www.levante-emv.com\/secciones\/noticia.jsp?pRef=2009042300_5_581122__Opinion-Castellanisme-radical\" target=\"_blank\">23.04.2009<\/a>), a patir d&#8217;un fet aparentment anecd\u00f2tic, la difer\u00e8ncia que hi pot haver entre una campanya comercial en favor de la societat valenciana i una campanya ideol\u00f2gica disfressada de comercial que perjudica la societat valenciana. Citem un frament central de l&#8217;article:<\/p>\n<blockquote><p>\nEn comptes d\u2019aix\u00f2, els actuals ocupants de la Generalitat Valenciana opten per fer una campanya en castell\u00e0. Hem de pensar, per tant, que no es tracta d\u2019una campanya comercial, sin\u00f3 d\u2019una campanya ideol\u00f2gica, i que el seu objectiu no \u00e9s el de reactivar el sector tur\u00edstic valenci\u00e0, sin\u00f3 algun altre. La campanya \u00e9s ideol\u00f2gica perqu\u00e8, com ja hem vist, l\u2019opci\u00f3 pragm\u00e0tica, la que aconsegueix l\u2019objectiu d\u2019aproximar el producte al seu client potencial, \u00e9s la d\u2019anunciar-se en la llengua de l\u2019emissora. Per tant, fer-ho en castell\u00e0, pagant el preu d\u2019allunyar el producte del consumidor, no respon a cap criteri de comercialitat, sin\u00f3 que \u00e9s un pronunciament ideol\u00f2gic en favor del castellanisme radical.\n<\/p><\/blockquote>\n","protected":false},"excerpt":{"rendered":"<p>Ferran Suay, professor de psicobiologia de la Universitat de Val\u00e8ncia. descriu en l&#8217;article \u00abCastellanisme radical\u00bb (Levante, 23.04.2009), a patir d&#8217;un fet aparentment anecd\u00f2tic, la difer\u00e8ncia que hi pot haver entre una campanya comercial en favor de la societat valenciana i una campanya ideol\u00f2gica disfressada de comercial que perjudica la societat valenciana. Citem un frament central [&hellip;]<\/p>\n","protected":false},"author":2,"featured_media":0,"comment_status":"open","ping_status":"open","sticky":false,"template":"","format":"standard","meta":{"footnotes":""},"categories":[36,1,19,27],"tags":[224],"class_list":["post-1025","post","type-post","status-publish","format-standard","hentry","category-allofobia","category-general","category-politica","category-sociolinguistica","tag-generalitat-valenciana"],"_links":{"self":[{"href":"https:\/\/www.cdlpv.org\/dtl\/wp-json\/wp\/v2\/posts\/1025","targetHints":{"allow":["GET"]}}],"collection":[{"href":"https:\/\/www.cdlpv.org\/dtl\/wp-json\/wp\/v2\/posts"}],"about":[{"href":"https:\/\/www.cdlpv.org\/dtl\/wp-json\/wp\/v2\/types\/post"}],"author":[{"embeddable":true,"href":"https:\/\/www.cdlpv.org\/dtl\/wp-json\/wp\/v2\/users\/2"}],"replies":[{"embeddable":true,"href":"https:\/\/www.cdlpv.org\/dtl\/wp-json\/wp\/v2\/comments?post=1025"}],"version-history":[{"count":0,"href":"https:\/\/www.cdlpv.org\/dtl\/wp-json\/wp\/v2\/posts\/1025\/revisions"}],"wp:attachment":[{"href":"https:\/\/www.cdlpv.org\/dtl\/wp-json\/wp\/v2\/media?parent=1025"}],"wp:term":[{"taxonomy":"category","embeddable":true,"href":"https:\/\/www.cdlpv.org\/dtl\/wp-json\/wp\/v2\/categories?post=1025"},{"taxonomy":"post_tag","embeddable":true,"href":"https:\/\/www.cdlpv.org\/dtl\/wp-json\/wp\/v2\/tags?post=1025"}],"curies":[{"name":"wp","href":"https:\/\/api.w.org\/{rel}","templated":true}]}}