{"id":102,"date":"2007-06-13T11:09:19","date_gmt":"2007-06-13T10:09:19","guid":{"rendered":"http:\/\/www.cdlpv.org\/dtl\/?p=102"},"modified":"2007-06-13T11:09:19","modified_gmt":"2007-06-13T10:09:19","slug":"per-una-jqcv-mes-digna-i-moderna","status":"publish","type":"post","link":"https:\/\/www.cdlpv.org\/dtl\/2007\/06\/13\/per-una-jqcv-mes-digna-i-moderna\/","title":{"rendered":"Per una JQCV m\u00e9s digna i moderna"},"content":{"rendered":"<p>\u00c9s el prop\u00f2sit de la CDLPV contribuir a millorar tant la situaci\u00f3 ling\u00fc\u00edstica del Pa\u00eds Valenci\u00e0 com la situaci\u00f3 professional del personal que treballa amb eixe mateix objectiu fent tasques t\u00e8cniques ling\u00fc\u00edstiques. En eixe sentit, ens ha arribat a la b\u00fastia una iniciativa que pret\u00e9n moure i organitzar el col\u00b7lectiu de t\u00e8cnics que participen en les proves de la JQCV, missatge que reprodu\u00efm a continuaci\u00f3:<\/p>\n<blockquote><p>\nCol\u00b7legues i amics,<\/p>\n<p>Des del col\u00b7lectiu d&#8217;examinadors i correctors de la Junta Qualificadora de Coneixements del Valenci\u00e0 s&#8217;ha impulsat un moviment de reivindicaci\u00f3 denominat Junta Digna que pret\u00e9n reclamar una dignificaci\u00f3 i una actualitzaci\u00f3 de les proves de la JQCV.<\/p>\n<p>En aquest col\u00b7lectiu hi ha un cert malestar, que ha anat augmentant amb el temps, per l&#8217;immobilisme que ha caracteritzat la Junta tant pel que fa a retribucions al seu personal de suport com al mateix procediment d&#8217;examen. El resultat \u00e9s que, en aquests aspectes, les proves que organitza la Generalitat Valenciana estan a una dist\u00e0ncia sideral de les equivalents organitzades per la Generalitat de Catalunya i el Govern Balear, que curiosament en molts casos tenen la mateixa validesa administrativa. Creiem que les proves de la Junta necessiten urgentment passar un proc\u00e9s d&#8217;actualitzaci\u00f3, modernitzaci\u00f3 i dignificaci\u00f3.<\/p>\n<p>Considerem que la situaci\u00f3 \u00e9s ja inajornable, tenint en compte no solament el greuge que provoca la baixa retribuci\u00f3 per exercir d&#8217;examinadors i correctors sin\u00f3 tamb\u00e9 la proximitat dels canvis que representa el nou Marc europeu com\u00fa de refer\u00e8ncia per a les lleng\u00fces. Creiem que el col\u00b7lectiu d&#8217;examinadors i correctors som un grup de personal especialitzat i altament qualificat que mereixem una retribuci\u00f3 adequada i que la nostra veu siga escoltada per l&#8217;administraci\u00f3.<\/p>\n<p>Alguns membres d&#8217;aquest col\u00b7lectiu, pertanyents a diferents seus de la JQCV, hem fet un primer pas i hem elaborat un document, el Manifest Junta Digna, amb la intenci\u00f3 de fer-lo circular entre tot el col\u00b7lectiu i totes les persones interessades arreu del Pa\u00eds Valenci\u00e0. La finalitat d&#8217;aquest manifest \u00e9s generar un debat entre nosaltres i anar confeccionant un document, que presentarem a l&#8217;\u00c0rea de Pol\u00edtica Ling\u00fc\u00edstica, amb una s\u00e8rie de propostes i reivindicacions, algunes de les quals, com ara les relatives a la retribuci\u00f3 i altres relacionades amb el procediment, hem de considerar irrenunciables.<\/p>\n<p>Si sou examinadors o correctors de la JQCV us interessar\u00e0 visitar la web del moviment Junta Digna, www.juntadigna.tk. \u00c9s convenient tamb\u00e9 que us subscriviu a la llista de distribuci\u00f3 que hem creat enviant un correu electr\u00f2nic amb l&#8217;assumpte &#8220;Alta en la llista&#8221; a l&#8217;adre\u00e7a juntadigna@gmail.com per a mantenir-nos informats i en contacte. Si treballem units podem aconseguir que l&#8217;administraci\u00f3 de la GV dignifique i actualitze les proves. Difoneu aquesta informaci\u00f3 perqu\u00e8 puguem arribar a tots els examinadors o correctors de la JQCV. La descoordinaci\u00f3 entre els membres del col\u00b7lectiu \u00e9s la gran basa amb qu\u00e8 ha jugat l&#8217;administraci\u00f3 per a disposar de nosaltres com ha volgut. \u00c9s hora de dir prou i de fer-nos escoltar.<\/p>\n<p>Junta Digna<br \/>\na\/e: <a href=\"mailto:juntadigna@gmail.com\">juntadigna@gmail.com<\/a><br \/>\nWeb: <a href=\"http:\/\/www.juntadigna.tk\" target=\"_blank\">www.juntadigna.tk<\/a>\n<\/p><\/blockquote>\n","protected":false},"excerpt":{"rendered":"<p>\u00c9s el prop\u00f2sit de la CDLPV contribuir a millorar tant la situaci\u00f3 ling\u00fc\u00edstica del Pa\u00eds Valenci\u00e0 com la situaci\u00f3 professional del personal que treballa amb eixe mateix objectiu fent tasques t\u00e8cniques ling\u00fc\u00edstiques. En eixe sentit, ens ha arribat a la b\u00fastia una iniciativa que pret\u00e9n moure i organitzar el col\u00b7lectiu de t\u00e8cnics que participen en [&hellip;]<\/p>\n","protected":false},"author":2,"featured_media":0,"comment_status":"open","ping_status":"open","sticky":false,"template":"","format":"standard","meta":{"footnotes":""},"categories":[10,1,13,15,47,19,24],"tags":[],"class_list":["post-102","post","type-post","status-publish","format-standard","hentry","category-formacio","category-general","category-jqcv","category-laboral","category-planificacio","category-politica","category-requisit-linguistic"],"_links":{"self":[{"href":"https:\/\/www.cdlpv.org\/dtl\/wp-json\/wp\/v2\/posts\/102","targetHints":{"allow":["GET"]}}],"collection":[{"href":"https:\/\/www.cdlpv.org\/dtl\/wp-json\/wp\/v2\/posts"}],"about":[{"href":"https:\/\/www.cdlpv.org\/dtl\/wp-json\/wp\/v2\/types\/post"}],"author":[{"embeddable":true,"href":"https:\/\/www.cdlpv.org\/dtl\/wp-json\/wp\/v2\/users\/2"}],"replies":[{"embeddable":true,"href":"https:\/\/www.cdlpv.org\/dtl\/wp-json\/wp\/v2\/comments?post=102"}],"version-history":[{"count":0,"href":"https:\/\/www.cdlpv.org\/dtl\/wp-json\/wp\/v2\/posts\/102\/revisions"}],"wp:attachment":[{"href":"https:\/\/www.cdlpv.org\/dtl\/wp-json\/wp\/v2\/media?parent=102"}],"wp:term":[{"taxonomy":"category","embeddable":true,"href":"https:\/\/www.cdlpv.org\/dtl\/wp-json\/wp\/v2\/categories?post=102"},{"taxonomy":"post_tag","embeddable":true,"href":"https:\/\/www.cdlpv.org\/dtl\/wp-json\/wp\/v2\/tags?post=102"}],"curies":[{"name":"wp","href":"https:\/\/api.w.org\/{rel}","templated":true}]}}