{"id":1017,"date":"2009-04-23T18:04:47","date_gmt":"2009-04-23T17:04:47","guid":{"rendered":"http:\/\/www.cdlpv.org\/dtl\/?p=1017"},"modified":"2009-04-23T18:04:47","modified_gmt":"2009-04-23T17:04:47","slug":"beques-del-pla-eva","status":"publish","type":"post","link":"https:\/\/www.cdlpv.org\/dtl\/2009\/04\/23\/beques-del-pla-eva\/","title":{"rendered":"Beques del pla EVA"},"content":{"rendered":"<caption id=\"attachment_1018\" align=\"right\" width=\"150\" caption=\"Rosa sense punxes del drac mort\"><a href=\"http:\/\/213.27.152.37\/postals\/stjordi09\/rosa\/ca\/124047224113.html\" target=\"_blank\"><img loading=\"lazy\" decoding=\"async\" src=\"http:\/\/www.cdlpv.org\/dtl\/wp-content\/uploads\/2009\/04\/rosa20091-150x150.jpg\" alt=\"Rosa sense punxes del drac mort\" title=\"Rosa sense punxes del drac mort\" width=\"150\" height=\"150\" class=\"size-thumbnail wp-image-1018\" \/><\/a><\/caption>\n<p>La Conselleria d&#8217;Educaci\u00f3 convoca les beques seg\u00fcents:<\/p>\n<blockquote><p>\n<a href=\"http:\/\/www1.pre.gva.es\/L\/BASIS\/DOCV\/WEBBDLGV\/TEXTO_INSERCION_DOGV_V\/DDW?W=CODIGO_INSERCION%3D%272009\/3437%27\" target=\"_blank\">Orde<\/a> de 10 de mar\u00e7 de 2009, de la Conselleria d&#8217;Educaci\u00f3, per la qual es convoquen beques per a la realitzaci\u00f3 de treballs d&#8217;investigaci\u00f3 dins del Pla d&#8217;Estudis del Valenci\u00e0 Actual. [2009\/3437]\n<\/p><\/blockquote>\n<p>L&#8217;ordre es public\u00e0  en el <span class=\"versaleta\"><em>docv<\/em><\/span> n\u00fam 5.986, d&#8217;1 d&#8217;abril del 2009, i el termini per a la presentaci\u00f3 de sol\u00b7licituds acaba als vint dies h\u00e0bils a partir de l&#8217;endem\u00e0.<\/p>\n","protected":false},"excerpt":{"rendered":"<p>La Conselleria d&#8217;Educaci\u00f3 convoca les beques seg\u00fcents: Orde de 10 de mar\u00e7 de 2009, de la Conselleria d&#8217;Educaci\u00f3, per la qual es convoquen beques per a la realitzaci\u00f3 de treballs d&#8217;investigaci\u00f3 dins del Pla d&#8217;Estudis del Valenci\u00e0 Actual. [2009\/3437] L&#8217;ordre es public\u00e0 en el docv n\u00fam 5.986, d&#8217;1 d&#8217;abril del 2009, i el termini per [&hellip;]<\/p>\n","protected":false},"author":2,"featured_media":0,"comment_status":"open","ping_status":"open","sticky":false,"template":"","format":"standard","meta":{"footnotes":""},"categories":[40,1,22],"tags":[365],"class_list":["post-1017","post","type-post","status-publish","format-standard","hentry","category-beques-formacio","category-general","category-recerca","tag-eva"],"_links":{"self":[{"href":"https:\/\/www.cdlpv.org\/dtl\/wp-json\/wp\/v2\/posts\/1017","targetHints":{"allow":["GET"]}}],"collection":[{"href":"https:\/\/www.cdlpv.org\/dtl\/wp-json\/wp\/v2\/posts"}],"about":[{"href":"https:\/\/www.cdlpv.org\/dtl\/wp-json\/wp\/v2\/types\/post"}],"author":[{"embeddable":true,"href":"https:\/\/www.cdlpv.org\/dtl\/wp-json\/wp\/v2\/users\/2"}],"replies":[{"embeddable":true,"href":"https:\/\/www.cdlpv.org\/dtl\/wp-json\/wp\/v2\/comments?post=1017"}],"version-history":[{"count":0,"href":"https:\/\/www.cdlpv.org\/dtl\/wp-json\/wp\/v2\/posts\/1017\/revisions"}],"wp:attachment":[{"href":"https:\/\/www.cdlpv.org\/dtl\/wp-json\/wp\/v2\/media?parent=1017"}],"wp:term":[{"taxonomy":"category","embeddable":true,"href":"https:\/\/www.cdlpv.org\/dtl\/wp-json\/wp\/v2\/categories?post=1017"},{"taxonomy":"post_tag","embeddable":true,"href":"https:\/\/www.cdlpv.org\/dtl\/wp-json\/wp\/v2\/tags?post=1017"}],"curies":[{"name":"wp","href":"https:\/\/api.w.org\/{rel}","templated":true}]}}