{"id":1015,"date":"2009-04-22T13:53:18","date_gmt":"2009-04-22T12:53:18","guid":{"rendered":"http:\/\/www.cdlpv.org\/dtl\/?p=1015"},"modified":"2009-04-22T13:53:18","modified_gmt":"2009-04-22T12:53:18","slug":"flaixos-de-requisit-linguistic-illes-balears-i-de-toponimia-catalunya","status":"publish","type":"post","link":"https:\/\/www.cdlpv.org\/dtl\/2009\/04\/22\/flaixos-de-requisit-linguistic-illes-balears-i-de-toponimia-catalunya\/","title":{"rendered":"Flaixos de requisit ling\u00fc\u00edstic (Illes Balears) i de topon\u00edmia (Catalunya)"},"content":{"rendered":"<p>Els <em>Flaixos d\u2019Actualitat<\/em> (<a href=\"http:\/\/www20.gencat.cat\/portal\/site\/Llengcat\/menuitem.08f45c9e3857090e3285bdb1b0c0e1a0\/?vgnextoid=cedaaa22b7103110VgnVCM1000008d0c1e0aRCRD&#038;vgnextchannel=cedaaa22b7103110VgnVCM1000008d0c1e0aRCRD&#038;vgnextfmt=default\" target=\"_blank\">n\u00fam. 32<\/a>, 21.04.2009) ens envien, entre altres, la informaci\u00f3 seg\u00fcent:<\/p>\n<blockquote>\n<h2>Regulaci\u00f3 de l&#8217;exig\u00e8ncia del coneixement del catal\u00e0 al sector p\u00fablic sanitari de les Illes Balears<\/h2>\n<p>El <em>Butllet\u00ed Oficial de les Illes Balears<\/em> ha publicat el Decret 24\/2009, de 27 de mar\u00e7, pel qual es regula l\u2019exig\u00e8ncia de coneixements de llengua catalana en els procediments selectius d\u2019acc\u00e9s i de mobilitat relatius a la funci\u00f3 p\u00fablica estatut\u00e0ria i per ocupar llocs de treball que es convoquin en el sector p\u00fablic sanitari de la comunitat aut\u00f2noma de les Illes Balears (<span class=\"versaleta\"><em>boib<\/em><\/span> n\u00fam. 46, de 31 de mar\u00e7).  En general, els coneixements de llengua catalana requerits corresponen al certificat B (coneixements elementals orals i escrits) de la Direcci\u00f3 General de Pol\u00edtica Ling\u00fc\u00edstica o de l\u2019Escola Balear d\u2019Administraci\u00f3 P\u00fablica i, en alguns casos, al certificat A (coneixements orals) de les mateixes institucions.<\/p>\n<p>Per a m\u00e9s informaci\u00f3: <span class=\"versaleta\"><em>boib<\/em><\/span> <a href=\"http:\/\/boib.caib.es\/pdf\/2009046\/mp4.pdf\" target=\"_blank\"><span class=\"versaleta\">[pdf]<\/span><\/a><\/p>\n<h2>Nomencl\u00e0tor oficial de topon\u00edmia major de Catalunya 2009<\/h2>\n<p>Al <span class=\"versaleta\"><em>dogc<\/em><\/span> n\u00fam. 5.355  s\u2019ha publicat l&#8217;Acord de Govern 55\/2009, de 24 de mar\u00e7, d&#8217;aprovaci\u00f3 del corpus topon\u00edmic del nomencl\u00e0tor oficial de topon\u00edmia major de Catalunya. Amb aquest acord s&#8217;aprova el corpus topon\u00edmic de compet\u00e8ncia de la Generalitat i es d\u00f3na publicitat al corpus de compet\u00e8ncia local perqu\u00e8 serveixi de refer\u00e8ncia en l&#8217;edici\u00f3 de cartografia, retolaci\u00f3, etc. El nou corpus substitueix l&#8217;aprovat per acord de Govern de 22 de juliol de 2003.<\/p>\n<p>M\u00e9s informaci\u00f3: <a href=\"http:\/\/www10.gencat.cat\/ptop\/AppJava\/cat\/related\/novetats\/nomenclator_toponimia.jsp\" target=\"_blank\">Generalitat de Catalunya<\/a>\n<\/p><\/blockquote>\n","protected":false},"excerpt":{"rendered":"<p>Els Flaixos d\u2019Actualitat (n\u00fam. 32, 21.04.2009) ens envien, entre altres, la informaci\u00f3 seg\u00fcent: Regulaci\u00f3 de l&#8217;exig\u00e8ncia del coneixement del catal\u00e0 al sector p\u00fablic sanitari de les Illes Balears El Butllet\u00ed Oficial de les Illes Balears ha publicat el Decret 24\/2009, de 27 de mar\u00e7, pel qual es regula l\u2019exig\u00e8ncia de coneixements de llengua catalana en [&hellip;]<\/p>\n","protected":false},"author":2,"featured_media":0,"comment_status":"open","ping_status":"open","sticky":false,"template":"","format":"standard","meta":{"footnotes":""},"categories":[4,1,24,32],"tags":[96,206,240,274],"class_list":["post-1015","post","type-post","status-publish","format-standard","hentry","category-dret","category-general","category-requisit-linguistic","category-toponimia","tag-catalunya","tag-flaixos-dactualitat","tag-illes-balears","tag-legislacio"],"_links":{"self":[{"href":"https:\/\/www.cdlpv.org\/dtl\/wp-json\/wp\/v2\/posts\/1015","targetHints":{"allow":["GET"]}}],"collection":[{"href":"https:\/\/www.cdlpv.org\/dtl\/wp-json\/wp\/v2\/posts"}],"about":[{"href":"https:\/\/www.cdlpv.org\/dtl\/wp-json\/wp\/v2\/types\/post"}],"author":[{"embeddable":true,"href":"https:\/\/www.cdlpv.org\/dtl\/wp-json\/wp\/v2\/users\/2"}],"replies":[{"embeddable":true,"href":"https:\/\/www.cdlpv.org\/dtl\/wp-json\/wp\/v2\/comments?post=1015"}],"version-history":[{"count":0,"href":"https:\/\/www.cdlpv.org\/dtl\/wp-json\/wp\/v2\/posts\/1015\/revisions"}],"wp:attachment":[{"href":"https:\/\/www.cdlpv.org\/dtl\/wp-json\/wp\/v2\/media?parent=1015"}],"wp:term":[{"taxonomy":"category","embeddable":true,"href":"https:\/\/www.cdlpv.org\/dtl\/wp-json\/wp\/v2\/categories?post=1015"},{"taxonomy":"post_tag","embeddable":true,"href":"https:\/\/www.cdlpv.org\/dtl\/wp-json\/wp\/v2\/tags?post=1015"}],"curies":[{"name":"wp","href":"https:\/\/api.w.org\/{rel}","templated":true}]}}