{"id":101,"date":"2007-06-13T10:48:37","date_gmt":"2007-06-13T09:48:37","guid":{"rendered":"http:\/\/www.cdlpv.org\/dtl\/?p=101"},"modified":"2007-06-13T10:48:37","modified_gmt":"2007-06-13T09:48:37","slug":"demagogia-progre-amb-el-nom-de-la-llengua-2","status":"publish","type":"post","link":"https:\/\/www.cdlpv.org\/dtl\/2007\/06\/13\/demagogia-progre-amb-el-nom-de-la-llengua-2\/","title":{"rendered":"Demag\u00f2gia progre amb el nom de la llengua (2)"},"content":{"rendered":"<p>Una petita nota en<em>El Pa\u00eds<\/em> (dv. 08.06.2007) continua aclarint la q\u00fcesti\u00f3 de la demag\u00f2gia que ara fan uns socialistes valencians al senat espanyol [<a href=\"http:\/\/www.cdlpv.org\/dtl\/?p=99\" target=\"_blank\">veg. l&#8217;entrada anterior<\/a>]:<\/p>\n<blockquote>\n<h2>El PP al\u00b7lega un error en el Senat al votar amb ERC<\/h2>\n<p>El senador del PP per Val\u00e8ncia Pedro Agramunt va assegurar ahir que el vot favorable del seu grup en la Cambra Alta a una esmena d&#8217;ERC en contra del valenci\u00e0 durant la tramitaci\u00f3 del projecte de llei del Llibre \u00abva ser un error\u00bb, que ser\u00e0 rectificat quan el text torne al Congr\u00e9s. El Grup Socialista del Senat acus\u00e0 el PP de votar a favor d&#8217;una esmena d&#8217;ERC que, al modificar la redacci\u00f3 original del projecte de llei del Llibre, exclou el valenci\u00e0 de les campanyes de promoci\u00f3 previstes per als autors que s&#8217;expressen en qualsevol de les lleng\u00fces oficials de les comunitats aut\u00f2nomes.\n<\/p><\/blockquote>\n<p>Lamentablement, encara no sabem a qui no li entra en el cap que <em>valenci\u00e0<\/em> i <em>catal\u00e0<\/em> s\u00f3n denominacions sin\u00f2nimes de la llengua a tots els efectes legals (i subvencionables), si \u00e9s cosa dels grups pol\u00edtics o del diari <em>El Pa\u00eds<\/em>. S\u00ed que observem que no perden els socialistes valencians l&#8217;ocasi\u00f3 de fer demag\u00f2gia, ressuscitant conflictes de noms i encara que el valenci\u00e0 no hi tinga res a guanyar.<\/p>\n","protected":false},"excerpt":{"rendered":"<p>Una petita nota enEl Pa\u00eds (dv. 08.06.2007) continua aclarint la q\u00fcesti\u00f3 de la demag\u00f2gia que ara fan uns socialistes valencians al senat espanyol [veg. l&#8217;entrada anterior]: El PP al\u00b7lega un error en el Senat al votar amb ERC El senador del PP per Val\u00e8ncia Pedro Agramunt va assegurar ahir que el vot favorable del seu [&hellip;]<\/p>\n","protected":false},"author":2,"featured_media":0,"comment_status":"open","ping_status":"open","sticky":false,"template":"","format":"standard","meta":{"footnotes":""},"categories":[4,1,19,28],"tags":[],"class_list":["post-101","post","type-post","status-publish","format-standard","hentry","category-dret","category-general","category-politica","category-subvencions"],"_links":{"self":[{"href":"https:\/\/www.cdlpv.org\/dtl\/wp-json\/wp\/v2\/posts\/101","targetHints":{"allow":["GET"]}}],"collection":[{"href":"https:\/\/www.cdlpv.org\/dtl\/wp-json\/wp\/v2\/posts"}],"about":[{"href":"https:\/\/www.cdlpv.org\/dtl\/wp-json\/wp\/v2\/types\/post"}],"author":[{"embeddable":true,"href":"https:\/\/www.cdlpv.org\/dtl\/wp-json\/wp\/v2\/users\/2"}],"replies":[{"embeddable":true,"href":"https:\/\/www.cdlpv.org\/dtl\/wp-json\/wp\/v2\/comments?post=101"}],"version-history":[{"count":0,"href":"https:\/\/www.cdlpv.org\/dtl\/wp-json\/wp\/v2\/posts\/101\/revisions"}],"wp:attachment":[{"href":"https:\/\/www.cdlpv.org\/dtl\/wp-json\/wp\/v2\/media?parent=101"}],"wp:term":[{"taxonomy":"category","embeddable":true,"href":"https:\/\/www.cdlpv.org\/dtl\/wp-json\/wp\/v2\/categories?post=101"},{"taxonomy":"post_tag","embeddable":true,"href":"https:\/\/www.cdlpv.org\/dtl\/wp-json\/wp\/v2\/tags?post=101"}],"curies":[{"name":"wp","href":"https:\/\/api.w.org\/{rel}","templated":true}]}}