{"id":1009,"date":"2009-04-22T08:20:13","date_gmt":"2009-04-22T07:20:13","guid":{"rendered":"http:\/\/www.cdlpv.org\/dtl\/?p=1009"},"modified":"2009-04-22T08:20:13","modified_gmt":"2009-04-22T07:20:13","slug":"1009","status":"publish","type":"post","link":"https:\/\/www.cdlpv.org\/dtl\/2009\/04\/22\/1009\/","title":{"rendered":"Converses pel catal\u00e0 en la CPNL al cap de vint anys"},"content":{"rendered":"<caption id=\"attachment_1008\" align=\"right\" width=\"150\" caption=\"20 anys del CPNL\"><a title=\"El CPNL de Catalunya\" href=\"http:\/\/www.cdlpv.org\/dtl\/wp-content\/uploads\/2009\/04\/cpnl20anys1.jpg\"><img loading=\"lazy\" decoding=\"async\" src=\"http:\/\/www.cdlpv.org\/dtl\/wp-content\/uploads\/2009\/04\/cpnl20anys1-150x150.jpg\" alt=\"20 anys del CPNL\" title=\"CPNL 20 anys\" width=\"150\" height=\"150\" class=\"size-thumbnail wp-image-1008\" \/><\/a><\/caption>\n<p>Joan Vilarnau ens envia a trav\u00e9s d&#8217;InfoZ\u00e8fir la informaci\u00f3 seg\u00fcent:<\/p>\n<blockquote>\n<h2>Cicle de converses \u00ab20 anys junts pel catal\u00e0\u00bb<\/h2>\n<p>Enguany el Consorci per a la Normalitzaci\u00f3 Ling\u00fc\u00edstica <span class=\"versaleta\">(cpnl)<\/span> celebra el seu 20\u00e8 aniversari.<\/p>\n<p>Amb aquest motiu, el <span class=\"versaleta\">cpnl<\/span> organitza tres converses obertes al p\u00fablic relacionades amb algunes de les activitats principals que duu a terme: el Voluntariat per la Llengua (VxL), l&#8217;ensenyament del catal\u00e0 per a adults i la difusi\u00f3 del catal\u00e0.<\/p>\n<p>Les converses es duran a terme a les Cotxeres del Palau Robert, situades als jardins del mateix Palau, a Barcelona, els dies:<\/p>\n<ul>\n<li>5 de maig de 2009, \u00abVoluntariat per la llengua. Benvinguts a casa!\u00bb<\/li>\n<li>6 de maig de 2009, \u00ab20 anys d&#8217;ensenyament del catal\u00e0\u00bb<\/li>\n<li>11 de maig de 2009, \u00abM\u00fasica que encomana el catal\u00e0\u00bb<\/li>\n<\/ul>\n<p>El <span class=\"versaleta\">cpnl<\/span> \u00e9s una instituci\u00f3 p\u00fablica dirigida a les persones, que fa formaci\u00f3 i dinamitzaci\u00f3 ling\u00fc\u00edstica i que busca la cohesi\u00f3 social a trav\u00e9s del foment de l&#8217;\u00fas de la llengua catalana. Actualment el Consorci compta amb m\u00e9s de 130 socis, t\u00e9 pres\u00e8ncia a m\u00e9s de 150 punts del territori i ha esdevingut un referent arreu del pa\u00eds.<\/p>\n<p>M\u00e9s informaci\u00f3: <a href=\"http:\/\/www.cpnl.cat\/20anys\/conferencies.html\" target=\"_blank\">http:\/\/www.cpnl.cat\/20anys\/conferencies.html<\/a>\n<\/p><\/blockquote>\n<p>A cals valencians ens hem d&#8217;alegrar molt que al pa\u00eds ve\u00ed de m\u00e9s al nord, on diuen que la gent \u00e9s&#8230; B\u00e9, que hagen complit vint anys d&#8217;una empresa que nosaltres encara no hem acabat de posar en marxa. Per sort, moltes de les activitats del <span class=\"versaleta\">cpnl<\/span> s\u00f3n conegudes en la resta dels pa\u00efsos on es parla catal\u00e0, on les intentem adaptar i aplicar en la planificaci\u00f3 de les nostres pol\u00edtiques ling\u00fc\u00edstiques per a afavorir l&#8217;\u00fas del valenci\u00e0 i per a contrarestar tant com siga possible la contraplanificaci\u00f3 que du a terme el govern actual del Partit Popular.<\/p>\n","protected":false},"excerpt":{"rendered":"<p>Joan Vilarnau ens envia a trav\u00e9s d&#8217;InfoZ\u00e8fir la informaci\u00f3 seg\u00fcent: Cicle de converses \u00ab20 anys junts pel catal\u00e0\u00bb Enguany el Consorci per a la Normalitzaci\u00f3 Ling\u00fc\u00edstica (cpnl) celebra el seu 20\u00e8 aniversari. Amb aquest motiu, el cpnl organitza tres converses obertes al p\u00fablic relacionades amb algunes de les activitats principals que duu a terme: el [&hellip;]<\/p>\n","protected":false},"author":2,"featured_media":0,"comment_status":"open","ping_status":"open","sticky":false,"template":"","format":"standard","meta":{"footnotes":""},"categories":[2,10,1,26],"tags":[96,129],"class_list":["post-1009","post","type-post","status-publish","format-standard","hentry","category-comunicacio","category-formacio","category-general","category-serveis-linguistics","tag-catalunya","tag-cpnl"],"_links":{"self":[{"href":"https:\/\/www.cdlpv.org\/dtl\/wp-json\/wp\/v2\/posts\/1009","targetHints":{"allow":["GET"]}}],"collection":[{"href":"https:\/\/www.cdlpv.org\/dtl\/wp-json\/wp\/v2\/posts"}],"about":[{"href":"https:\/\/www.cdlpv.org\/dtl\/wp-json\/wp\/v2\/types\/post"}],"author":[{"embeddable":true,"href":"https:\/\/www.cdlpv.org\/dtl\/wp-json\/wp\/v2\/users\/2"}],"replies":[{"embeddable":true,"href":"https:\/\/www.cdlpv.org\/dtl\/wp-json\/wp\/v2\/comments?post=1009"}],"version-history":[{"count":0,"href":"https:\/\/www.cdlpv.org\/dtl\/wp-json\/wp\/v2\/posts\/1009\/revisions"}],"wp:attachment":[{"href":"https:\/\/www.cdlpv.org\/dtl\/wp-json\/wp\/v2\/media?parent=1009"}],"wp:term":[{"taxonomy":"category","embeddable":true,"href":"https:\/\/www.cdlpv.org\/dtl\/wp-json\/wp\/v2\/categories?post=1009"},{"taxonomy":"post_tag","embeddable":true,"href":"https:\/\/www.cdlpv.org\/dtl\/wp-json\/wp\/v2\/tags?post=1009"}],"curies":[{"name":"wp","href":"https:\/\/api.w.org\/{rel}","templated":true}]}}