{"id":1003,"date":"2009-04-21T11:17:27","date_gmt":"2009-04-21T10:17:27","guid":{"rendered":"http:\/\/www.cdlpv.org\/dtl\/?p=1003"},"modified":"2021-01-19T13:12:16","modified_gmt":"2021-01-19T12:12:16","slug":"ressenyes-de-diccionaris-leonardo-gimenez-i-josepa-melia","status":"publish","type":"post","link":"https:\/\/www.cdlpv.org\/dtl\/2009\/04\/21\/ressenyes-de-diccionaris-leonardo-gimenez-i-josepa-melia\/","title":{"rendered":"Ressenyes de diccionaris: Leonardo Gim\u00e9nez i Josepa Meli\u00e0"},"content":{"rendered":"<div style=\"float: right; margin: 0 0 10px 10px; cursor: hand;\">\n<figure id=\"attachment_1004\" aria-describedby=\"caption-attachment-1004\" style=\"width: 273px\" class=\"wp-caption alignleft\"><a href=\"http:\/\/www.cdlpv.org\/dtl\/wp-content\/uploads\/2009\/04\/paginadebat1.jpg\"><img loading=\"lazy\" decoding=\"async\" class=\"wp-image-1004\" src=\"http:\/\/www.cdlpv.org\/dtl\/wp-content\/uploads\/2009\/04\/paginadebat1-225x300.jpg\" alt=\"\" width=\"273\" height=\"364\" srcset=\"https:\/\/www.cdlpv.org\/dtl\/wp-content\/uploads\/2009\/04\/paginadebat1-225x300.jpg 225w, https:\/\/www.cdlpv.org\/dtl\/wp-content\/uploads\/2009\/04\/paginadebat1-113x150.jpg 113w, https:\/\/www.cdlpv.org\/dtl\/wp-content\/uploads\/2009\/04\/paginadebat1.jpg 318w\" sizes=\"auto, (max-width: 273px) 100vw, 273px\" \/><\/a><figcaption id=\"caption-attachment-1004\" class=\"wp-caption-text\">Ressenyes sobre diccionaris<\/figcaption><\/figure>\n<\/div>\n<p>No est\u00e0 malament que, a m\u00e9s de les t\u00edpiques pol\u00e8miques que no porten res de bo \u2014ni pel fons ni pels termes\u2014 tamb\u00e9 \u00e9s possible que s&#8217;enceten debats entre els t\u00e8cnics ling\u00fc\u00edstics amb continguts concrets i contrastables, com \u00e9s el cas dels dos articles apareguts en <a href=\"http:\/\/www.pagina26.com\" target=\"_blank\" rel=\"noopener\"><em>P\u00e0gina26<\/em><\/a> que enllacem tot seguit:<\/p>\n<ul>\n<li>\u00abEl diccionari de sin\u00f2nims i ant\u00f2nims, innovador i general, que feia falta\u00bb de Leonardo Gim\u00e9nez <a href=\"http:\/\/www.pagina26.com\/opinio\/7560-el-diccionari-de-sinonims-i-antonims-innovador-i-general-que-feia-falta.html\" target=\"_blank\" rel=\"noopener\">(25.03.2009)<\/a><\/li>\n<li>\u00abIdeologia disfressada de lexicografia\u00bb de Josepa Meli\u00e0 <a href=\"http:\/\/www.pagina26.com\/opinio\/7706-ideologia-disfressada-de-lexicografia.html\" target=\"_blank\" rel=\"noopener\">(08.04.2009)<\/a><\/li>\n<\/ul>\n<p>Certament, seria interessant que els t\u00e8cnics ling\u00fc\u00edstics ens aficion\u00e0rem a la ressenya i a debatre els nostres punts de vista, sempre amb el suport de les dades, i fent servir el rigor en la reflexi\u00f3 i la llibertat de criteri i d&#8217;opini\u00f3.<\/p>\n","protected":false},"excerpt":{"rendered":"<p>No est\u00e0 malament que, a m\u00e9s de les t\u00edpiques pol\u00e8miques que no porten res de bo \u2014ni pel fons ni pels termes\u2014 tamb\u00e9 \u00e9s possible que s&#8217;enceten debats entre els t\u00e8cnics ling\u00fc\u00edstics amb continguts concrets i contrastables, com \u00e9s el cas dels dos articles apareguts en P\u00e0gina26 que enllacem tot seguit: \u00abEl diccionari de sin\u00f2nims [&hellip;]<\/p>\n","protected":false},"author":2,"featured_media":0,"comment_status":"open","ping_status":"open","sticky":false,"template":"","format":"standard","meta":{"footnotes":""},"categories":[1,16,30],"tags":[136,412],"class_list":["post-1003","post","type-post","status-publish","format-standard","hentry","category-general","category-lexicografia","category-terminologia","tag-debats","tag-ressenyes"],"_links":{"self":[{"href":"https:\/\/www.cdlpv.org\/dtl\/wp-json\/wp\/v2\/posts\/1003","targetHints":{"allow":["GET"]}}],"collection":[{"href":"https:\/\/www.cdlpv.org\/dtl\/wp-json\/wp\/v2\/posts"}],"about":[{"href":"https:\/\/www.cdlpv.org\/dtl\/wp-json\/wp\/v2\/types\/post"}],"author":[{"embeddable":true,"href":"https:\/\/www.cdlpv.org\/dtl\/wp-json\/wp\/v2\/users\/2"}],"replies":[{"embeddable":true,"href":"https:\/\/www.cdlpv.org\/dtl\/wp-json\/wp\/v2\/comments?post=1003"}],"version-history":[{"count":22,"href":"https:\/\/www.cdlpv.org\/dtl\/wp-json\/wp\/v2\/posts\/1003\/revisions"}],"predecessor-version":[{"id":3806,"href":"https:\/\/www.cdlpv.org\/dtl\/wp-json\/wp\/v2\/posts\/1003\/revisions\/3806"}],"wp:attachment":[{"href":"https:\/\/www.cdlpv.org\/dtl\/wp-json\/wp\/v2\/media?parent=1003"}],"wp:term":[{"taxonomy":"category","embeddable":true,"href":"https:\/\/www.cdlpv.org\/dtl\/wp-json\/wp\/v2\/categories?post=1003"},{"taxonomy":"post_tag","embeddable":true,"href":"https:\/\/www.cdlpv.org\/dtl\/wp-json\/wp\/v2\/tags?post=1003"}],"curies":[{"name":"wp","href":"https:\/\/api.w.org\/{rel}","templated":true}]}}