{"id":10,"date":"2006-10-11T10:09:30","date_gmt":"2006-10-11T08:09:30","guid":{"rendered":"http:\/\/www.cdlpv.org\/dtl\/?p=10"},"modified":"2006-10-11T10:09:30","modified_gmt":"2006-10-11T08:09:30","slug":"la-faena-que-lamentem","status":"publish","type":"post","link":"https:\/\/www.cdlpv.org\/dtl\/2006\/10\/11\/la-faena-que-lamentem\/","title":{"rendered":"La faena que lamentem"},"content":{"rendered":"<p>El company Toni Lluch t\u00e9 moltes faenes i no t\u00e9 temps d&#8217;escriure en este bloc, per\u00f2 m&#8217;ha perm\u00e9s que fa\u00e7a p\u00fablic \u2014m\u00e9s enll\u00e0 de la llista Migjorn, que \u00e9s on va apar\u00e9ixer (05.10.2006 dt)\u2014 un memorial per a la reflexi\u00f3 de t\u00e8cnics i d&#8217;acad\u00e8mics. Certament, hi trobareu motius de desacord o de discrep\u00e0ncia en algun punt, per\u00f2 crec que \u00e9s una lectura necess\u00e0ria perqu\u00e8 els t\u00e8cnics ling\u00fc\u00edstics revisen els seus plantejaments \u2014i \u00e9s un missatge que podeu complementar amb l&#8217;article de Francesc Esteve aparegut en <em>El Temps<\/em> (n\u00fam. 1.165, 10.10.2006) i amb el de Marc Candela i altres (<a href=\"http:\/\/www.levante-emv.com\/secciones\/noticia.jsp?pNumEjemplar=3302&amp;pIdSeccionfiltered=5&amp;pIdNoticia=236340\"><em>Levante<\/em><\/a>, 06.10.2006). A qu\u00e8 es dediquem els acad\u00e8mics? D&#8217;acord. Per\u00f2, els t\u00e8cnics i t\u00e8cniques ling\u00fc\u00edstics, a m\u00e9s de lamentar-nos \u2014com em comentava Josep Lozano\u2014, a qu\u00e8 ens dediquem realment?<\/p>\n<p>Ac\u00ed teniu les reflexions del company Toni Lluch:<\/p>\n<blockquote>\n<p>\n1. En vint-i-pocs anys de proc\u00e9s de normalitzaci\u00f3 ling\u00fc\u00edstica, hem viscut una successi\u00f3 d&#8217;est\u00e0ndards ling\u00fc\u00edstics que han anat allunyant-se de les formes m\u00e9s generals per acostar-se a les formes m\u00e9s particulars (concretament, a la llengua oral de Val\u00e8ncia i rodalia); \u00e9s un cas semblant als de Xile i el Brasil de final del XIX \u2013 principi del XX i de Gal\u00edcia en ple segle XX.<br \/>\n2. Hem creat un organisme normativitzador al marge del ja existent, amb el qual no hi ha cap relaci\u00f3 semblant a la que mant\u00e9 la RAE amb les altres acad\u00e8mies hispan\u00f2fones.<br \/>\n3. Les publicacions ling\u00fc\u00edstiques institucionals no esmenten la font d&#8217;on han begut, moltes vegades literalment, i han generat la impressi\u00f3 d&#8217;una llengua sorgida <em>ex novo<\/em>.<br \/>\n4. Les publicacions lexicogr\u00e0fiques institucionals valencianes no s\u00f3n not\u00edcia per la incorporaci\u00f3 de novetats gr\u00e0fiques (cas del DIEC), de l\u00e8xic cientificot\u00e8cnic (cas del GDLC) o de terminologia especialitzada (cas de les publicacions del TERMCAT); s\u00f3n not\u00edcia per la incorporaci\u00f3 progressiva de castellanismes, localismes i doblets ortogr\u00e0fics, i el DOPV n&#8217;\u00e9s un exemple m\u00e9s: fulleja&#8217;l i et sorprendr\u00e0s. Castellanismes (<em>esconyar<\/em>, <em>empollar<\/em>, <em>escaquejar<\/em>, <em>passota<\/em>), localismes (<em>ast\u00f2<\/em>) i doblets (<em>l\u00f2gic\/ll\u00f2gic<\/em>, <em>il\u00b7l\u00f2gic\/ill\u00f2gic<\/em>, per\u00f2 nom\u00e9s <em>l\u00f2gica<\/em> o <em>log\u00edstic<\/em>).<br \/>\n5. Les nostres institucions no han participat en cap empresa comuna de promoci\u00f3 de la llengua o la literatura en la nostra llengua, cosa que s\u00ed que fan els altres territoris del domini ling\u00fc\u00edstic, fins i tot amb escriptors valencians.<br \/>\n6. Hem intervingut en l&#8217;\u00e0mbit escolar per eliminar en els llibres de text qualsevol refer\u00e8ncia a l&#8217;origen i filiaci\u00f3 de la llengua.<br \/>\n7. Hem intentat intervenir en \u00e0mbits estatals (davant la RAE, davant la Biblioteca Nacional, en l&#8217;\u00e0mbit de les escoles oficials d&#8217;idiomes\u2026) per traslladar la nostra visi\u00f3 particularista a aquests \u00e0mbits.<br \/>\n8. Els nostres mitjans de comunicaci\u00f3 audiovisuals no mantenen cap intercanvi de programes, obres, actors, comunicadors, etc. amb altres del mateix domini ling\u00fc\u00edstic, com s\u00ed que ho fan les televisions hispan\u00f2fones.<br \/>\n9. Les nostres biblioteques no disposen, majorit\u00e0riament, de traduccions al catal\u00e0 d&#8217;obres de la literatura universal, si no \u00e9s que aquesta traducci\u00f3 ha estat publicada per una editorial valenciana.\n<\/p>\n<\/blockquote>\n","protected":false},"excerpt":{"rendered":"<p>El company Toni Lluch t\u00e9 moltes faenes i no t\u00e9 temps d&#8217;escriure en este bloc, per\u00f2 m&#8217;ha perm\u00e9s que fa\u00e7a p\u00fablic \u2014m\u00e9s enll\u00e0 de la llista Migjorn, que \u00e9s on va apar\u00e9ixer (05.10.2006 dt)\u2014 un memorial per a la reflexi\u00f3 de t\u00e8cnics i d&#8217;acad\u00e8mics. Certament, hi trobareu motius de desacord o de discrep\u00e0ncia en algun [&hellip;]<\/p>\n","protected":false},"author":2,"featured_media":0,"comment_status":"open","ping_status":"open","sticky":false,"template":"","format":"standard","meta":{"footnotes":""},"categories":[1,17,47,19],"tags":[],"class_list":["post-10","post","type-post","status-publish","format-standard","hentry","category-general","category-normativa","category-planificacio","category-politica"],"_links":{"self":[{"href":"https:\/\/www.cdlpv.org\/dtl\/wp-json\/wp\/v2\/posts\/10","targetHints":{"allow":["GET"]}}],"collection":[{"href":"https:\/\/www.cdlpv.org\/dtl\/wp-json\/wp\/v2\/posts"}],"about":[{"href":"https:\/\/www.cdlpv.org\/dtl\/wp-json\/wp\/v2\/types\/post"}],"author":[{"embeddable":true,"href":"https:\/\/www.cdlpv.org\/dtl\/wp-json\/wp\/v2\/users\/2"}],"replies":[{"embeddable":true,"href":"https:\/\/www.cdlpv.org\/dtl\/wp-json\/wp\/v2\/comments?post=10"}],"version-history":[{"count":0,"href":"https:\/\/www.cdlpv.org\/dtl\/wp-json\/wp\/v2\/posts\/10\/revisions"}],"wp:attachment":[{"href":"https:\/\/www.cdlpv.org\/dtl\/wp-json\/wp\/v2\/media?parent=10"}],"wp:term":[{"taxonomy":"category","embeddable":true,"href":"https:\/\/www.cdlpv.org\/dtl\/wp-json\/wp\/v2\/categories?post=10"},{"taxonomy":"post_tag","embeddable":true,"href":"https:\/\/www.cdlpv.org\/dtl\/wp-json\/wp\/v2\/tags?post=10"}],"curies":[{"name":"wp","href":"https:\/\/api.w.org\/{rel}","templated":true}]}}